{"id":104504,"date":"2020-07-30T07:20:26","date_gmt":"2020-07-30T10:20:26","guid":{"rendered":"http:\/\/www.blogdothame.blog.br\/v1\/?p=104504"},"modified":"2020-07-30T08:49:25","modified_gmt":"2020-07-30T11:49:25","slug":"ilheus-se-despede-de-neo-bastos-o-catedratico","status":"publish","type":"post","link":"https:\/\/www.blogdothame.blog.br\/v1\/2020\/07\/30\/ilheus-se-despede-de-neo-bastos-o-catedratico\/","title":{"rendered":"Ilh\u00e9us se despede de N\u00e9o Bastos, o Catedr\u00e1tico"},"content":{"rendered":"<p><img loading=\"lazy\" class=\"aligncenter size-medium wp-image-104506\" src=\"http:\/\/www.blogdothame.blog.br\/v1\/wp-content\/uploads\/2020\/07\/neo1-300x300.jpg\" alt=\"neo\" width=\"300\" height=\"300\" srcset=\"https:\/\/www.blogdothame.blog.br\/v1\/wp-content\/uploads\/2020\/07\/neo1-300x300.jpg 300w, https:\/\/www.blogdothame.blog.br\/v1\/wp-content\/uploads\/2020\/07\/neo1-150x150.jpg 150w, https:\/\/www.blogdothame.blog.br\/v1\/wp-content\/uploads\/2020\/07\/neo1.jpg 900w\" sizes=\"(max-width: 300px) 100vw, 300px\" \/><\/p>\n<p>O radialista N\u00e9o Bastos venceu a Covid-19. Mas foi vencido pelas consequ\u00eancias da doen\u00e7a. N\u00e9o faleceu esta madrugada. Passou mal em casa, chegou andando no hospital e, ao que tudo indica, sofreu uma embolia pulmonar.<\/p>\n<p>Ap\u00f3s ficar v\u00e1rios dias na UTI, se recuperando da Covid, N\u00e9o foi recebido com festa na porta do hospital e passou a se recuperar em casa. O radialista vinha fazendo fisioterapia e, apesar de debilitado, era disciplinado no tratamento.<\/p>\n<p>N\u00e9o, uma das figuras mais meigas na vida p\u00fablica de Ilh\u00e9us, morreu por volta de uma e meia da madrugada. A voz do &#8220;Catedr\u00e1tico&#8221;, como era conhecido nos meios esportivos, se calou. Ilh\u00e9us perde uma figura am\u00e1vel que vai deixar saudade. (Bahia Online)<\/p>\n","protected":false},"excerpt":{"rendered":"<p>O radialista N\u00e9o Bastos venceu a Covid-19. Mas foi vencido pelas consequ\u00eancias da doen\u00e7a. N\u00e9o faleceu esta madrugada. Passou mal em casa, chegou andando no hospital e, ao que tudo indica, sofreu uma embolia pulmonar. Ap\u00f3s ficar v\u00e1rios dias na UTI, se recuperando da Covid, N\u00e9o foi recebido com festa na porta do hospital e [&hellip;]<\/p>\n","protected":false},"author":2,"featured_media":0,"comment_status":"open","ping_status":"open","sticky":false,"template":"","format":"standard","meta":{"_links_to":"","_links_to_target":""},"categories":[1],"tags":[12219,27762,26839,218,27761],"_links":{"self":[{"href":"https:\/\/www.blogdothame.blog.br\/v1\/wp-json\/wp\/v2\/posts\/104504"}],"collection":[{"href":"https:\/\/www.blogdothame.blog.br\/v1\/wp-json\/wp\/v2\/posts"}],"about":[{"href":"https:\/\/www.blogdothame.blog.br\/v1\/wp-json\/wp\/v2\/types\/post"}],"author":[{"embeddable":true,"href":"https:\/\/www.blogdothame.blog.br\/v1\/wp-json\/wp\/v2\/users\/2"}],"replies":[{"embeddable":true,"href":"https:\/\/www.blogdothame.blog.br\/v1\/wp-json\/wp\/v2\/comments?post=104504"}],"version-history":[{"count":1,"href":"https:\/\/www.blogdothame.blog.br\/v1\/wp-json\/wp\/v2\/posts\/104504\/revisions"}],"predecessor-version":[{"id":104507,"href":"https:\/\/www.blogdothame.blog.br\/v1\/wp-json\/wp\/v2\/posts\/104504\/revisions\/104507"}],"wp:attachment":[{"href":"https:\/\/www.blogdothame.blog.br\/v1\/wp-json\/wp\/v2\/media?parent=104504"}],"wp:term":[{"taxonomy":"category","embeddable":true,"href":"https:\/\/www.blogdothame.blog.br\/v1\/wp-json\/wp\/v2\/categories?post=104504"},{"taxonomy":"post_tag","embeddable":true,"href":"https:\/\/www.blogdothame.blog.br\/v1\/wp-json\/wp\/v2\/tags?post=104504"}],"curies":[{"name":"wp","href":"https:\/\/api.w.org\/{rel}","templated":true}]}}