{"id":104430,"date":"2020-07-28T21:10:13","date_gmt":"2020-07-29T00:10:13","guid":{"rendered":"http:\/\/www.blogdothame.blog.br\/v1\/?p=104430"},"modified":"2020-07-28T18:12:05","modified_gmt":"2020-07-28T21:12:05","slug":"papa-francisco-agradece-ao-mst-por-distribuir-toneladas-de-alimentos-para-os-pobres-durante-a-pandemia","status":"publish","type":"post","link":"https:\/\/www.blogdothame.blog.br\/v1\/2020\/07\/28\/papa-francisco-agradece-ao-mst-por-distribuir-toneladas-de-alimentos-para-os-pobres-durante-a-pandemia\/","title":{"rendered":"Papa Francisco agradece ao MST por distribuir toneladas de alimentos para os pobres durante a pandemia"},"content":{"rendered":"<p><img loading=\"lazy\" class=\"alignleft size-medium wp-image-104431\" src=\"http:\/\/www.blogdothame.blog.br\/v1\/wp-content\/uploads\/2020\/07\/papa-300x200.jpg\" alt=\"papa\" width=\"300\" height=\"200\" srcset=\"https:\/\/www.blogdothame.blog.br\/v1\/wp-content\/uploads\/2020\/07\/papa-300x200.jpg 300w, https:\/\/www.blogdothame.blog.br\/v1\/wp-content\/uploads\/2020\/07\/papa.jpg 720w\" sizes=\"(max-width: 300px) 100vw, 300px\" \/>O papa Francisco agradeceu o Movimento Sem Terra (MST) por ter distribu\u00eddo toneladas de alimentos \u00e0s fam\u00edlias pobres durante a pandemia do novo coronav\u00edrus (Sars-CoV-2), informou a ag\u00eancia de not\u00edcias cat\u00f3lica Vatican News.<\/p>\n<p>O texto foi enviado atrav\u00e9s do cardeal Michael Czerny, subsecret\u00e1rio da Se\u00e7\u00e3o de Migrantes do Dicast\u00e9rio do Desenvolvimento Humano Integral, por ocasi\u00e3o do Dia dos Trabalhadores Rurais, celebrado no dia 25 de julho, e elogiou o trabalho desenvolvido pelo grupo ao longo de 35 anos de exist\u00eancia.<br \/>\nSegundo o portal, o \u201capoio m\u00fatuo\u201d \u00e9 um dos valores do Movimento e isso foi refor\u00e7ado nos tempos dif\u00edceis da crise sanit\u00e1ria com a ajuda \u00e0s fam\u00edlias mais vulner\u00e1veis. Por isso, Francisco quis agradecer a organiza\u00e7\u00e3o brasileira pelo \u201cbonito gesto de distribui\u00e7\u00e3o\u201d.<\/p>\n<p><!--more--><\/p>\n<p>O que o MST est\u00e1 fazendo \u201cpara ajudar as fam\u00edlias necessitadas nas periferias das cidades \u00e9 um sinal do Reino de Deus que gera solidariedade e comunh\u00e3o fraterna\u201d. \u201cA partilha produz vida, cria la\u00e7os fraternos, transforma a sociedade. Desejamos que este gesto de voc\u00eas se multiplique e anime outras pessoas e grupos a fazerem o mesmo, pois \u2018Deus ama a quem d\u00e1 com alegria&#8217;\u201d, escreveu o Pont\u00edfice na mensagem.<\/p>\n<p>O l\u00edder cat\u00f3lico termina o texto aben\u00e7oando as fam\u00edlias, pedindo que \u201co Esp\u00edrito Santo vos proteja do v\u00edrus da Covid-19, vos d\u00ea coragem e esperan\u00e7a nesses tempos de isolamento social\u201d.<\/p>\n<p>\u201cE neste dia dos agricultores, que o nosso Bom Deus proteja e aben\u00e7oe todas as fam\u00edlias que trabalham na terra e lutam pela partilha da terra e pelo cuidado de nossa casa comum\u201d, finalizou.<\/p>\n<p>O site do MST informa que recebeu a carta no s\u00e1bado e que j\u00e1 foram distribu\u00eddos mais de 2,5 mil toneladas de alimentos durante a pandemia. (ANSA).<\/p>\n","protected":false},"excerpt":{"rendered":"<p>O papa Francisco agradeceu o Movimento Sem Terra (MST) por ter distribu\u00eddo toneladas de alimentos \u00e0s fam\u00edlias pobres durante a pandemia do novo coronav\u00edrus (Sars-CoV-2), informou a ag\u00eancia de not\u00edcias cat\u00f3lica Vatican News. O texto foi enviado atrav\u00e9s do cardeal Michael Czerny, subsecret\u00e1rio da Se\u00e7\u00e3o de Migrantes do Dicast\u00e9rio do Desenvolvimento Humano Integral, por ocasi\u00e3o [&hellip;]<\/p>\n","protected":false},"author":2,"featured_media":0,"comment_status":"open","ping_status":"open","sticky":false,"template":"","format":"standard","meta":{"_links_to":"","_links_to_target":""},"categories":[1],"tags":[27745,26839,1662],"_links":{"self":[{"href":"https:\/\/www.blogdothame.blog.br\/v1\/wp-json\/wp\/v2\/posts\/104430"}],"collection":[{"href":"https:\/\/www.blogdothame.blog.br\/v1\/wp-json\/wp\/v2\/posts"}],"about":[{"href":"https:\/\/www.blogdothame.blog.br\/v1\/wp-json\/wp\/v2\/types\/post"}],"author":[{"embeddable":true,"href":"https:\/\/www.blogdothame.blog.br\/v1\/wp-json\/wp\/v2\/users\/2"}],"replies":[{"embeddable":true,"href":"https:\/\/www.blogdothame.blog.br\/v1\/wp-json\/wp\/v2\/comments?post=104430"}],"version-history":[{"count":1,"href":"https:\/\/www.blogdothame.blog.br\/v1\/wp-json\/wp\/v2\/posts\/104430\/revisions"}],"predecessor-version":[{"id":104432,"href":"https:\/\/www.blogdothame.blog.br\/v1\/wp-json\/wp\/v2\/posts\/104430\/revisions\/104432"}],"wp:attachment":[{"href":"https:\/\/www.blogdothame.blog.br\/v1\/wp-json\/wp\/v2\/media?parent=104430"}],"wp:term":[{"taxonomy":"category","embeddable":true,"href":"https:\/\/www.blogdothame.blog.br\/v1\/wp-json\/wp\/v2\/categories?post=104430"},{"taxonomy":"post_tag","embeddable":true,"href":"https:\/\/www.blogdothame.blog.br\/v1\/wp-json\/wp\/v2\/tags?post=104430"}],"curies":[{"name":"wp","href":"https:\/\/api.w.org\/{rel}","templated":true}]}}