{"id":103467,"date":"2020-07-08T08:13:32","date_gmt":"2020-07-08T11:13:32","guid":{"rendered":"http:\/\/www.blogdothame.blog.br\/v1\/?p=103467"},"modified":"2020-07-07T20:21:44","modified_gmt":"2020-07-07T23:21:44","slug":"profissionais-da-saude-vencem-mais-uma-etapa-na-luta-contra-a-covid-19","status":"publish","type":"post","link":"https:\/\/www.blogdothame.blog.br\/v1\/2020\/07\/08\/profissionais-da-saude-vencem-mais-uma-etapa-na-luta-contra-a-covid-19\/","title":{"rendered":"Profissionais da Sa\u00fade vencem mais uma etapa na luta contra a COVID -19"},"content":{"rendered":"<p><iframe loading=\"lazy\" width=\"560\" height=\"315\" src=\"https:\/\/www.youtube.com\/embed\/5YtsJJ-9vuk\" frameborder=\"0\" allow=\"accelerometer; autoplay; encrypted-media; gyroscope; picture-in-picture\" allowfullscreen><\/iframe><\/p>\n<p>Nas \u00faltimas horas, a Santa Casa de Miseric\u00f3rdia de Itabuna registrou mais cinco altas de pacientes positivados para a Covid -19. Dentre elas, a de dois profissionais da sa\u00fade, a do m\u00e9dico oftalmologista Jos\u00e9 Fabiano de Freitas Teles, de 44 anos que recebeu alta na tarde desta ter\u00e7a-feira, ap\u00f3s ficar 24 dias internado na UTI Covid do Hospital Calixto Midlej Filho.<\/p>\n<p>De acordo com a sua esposa, o seu maior desejo nesse per\u00edodo era ver os seus dois filhos. As crian\u00e7as ficaram em casa ansiosas pelo momento de rever o pai.<\/p>\n<p>Torcedor do Flamengo, Jos\u00e9 Fabiano n\u00e3o negou a vontade de assistir pela TV o time do cora\u00e7\u00e3o jogar novamente. A paix\u00e3o pelo clube carioca fez com que ele saisse da Unidade vestido com a camiseta do time, que voltou a entrar em campo ap\u00f3s autoriza\u00e7\u00e3o das autoridades locais.<\/p>\n<p>Atendendo a outro pedido do paciente, a entrega do jaleco que utiliza nos seus atendimentos foi entregue pelas m\u00e3os do m\u00e9dico intensivista Eric J\u00fanior, que acompanhou de perto sua evolu\u00e7\u00e3o e tamb\u00e9m celebra mais esta etapa vencida.Morador de Itabuna, Jos\u00e9 Fabiano permanece o tratamento em isolamento domiciliar at\u00e9 que seja liberado pela vigil\u00e2ncia epidemiol\u00f3gica.<\/p>\n<p> A outra alta registrada foi a da enfermeira Rita de Cassia Rocha de Moraes que estava internada h\u00e1 9 dias na enfermaria COVID.<\/p>\n","protected":false},"excerpt":{"rendered":"<p>Nas \u00faltimas horas, a Santa Casa de Miseric\u00f3rdia de Itabuna registrou mais cinco altas de pacientes positivados para a Covid -19. Dentre elas, a de dois profissionais da sa\u00fade, a do m\u00e9dico oftalmologista Jos\u00e9 Fabiano de Freitas Teles, de 44 anos que recebeu alta na tarde desta ter\u00e7a-feira, ap\u00f3s ficar 24 dias internado na UTI [&hellip;]<\/p>\n","protected":false},"author":2,"featured_media":0,"comment_status":"open","ping_status":"open","sticky":false,"template":"","format":"standard","meta":{"_links_to":"","_links_to_target":""},"categories":[1],"tags":[27497,26839,973],"_links":{"self":[{"href":"https:\/\/www.blogdothame.blog.br\/v1\/wp-json\/wp\/v2\/posts\/103467"}],"collection":[{"href":"https:\/\/www.blogdothame.blog.br\/v1\/wp-json\/wp\/v2\/posts"}],"about":[{"href":"https:\/\/www.blogdothame.blog.br\/v1\/wp-json\/wp\/v2\/types\/post"}],"author":[{"embeddable":true,"href":"https:\/\/www.blogdothame.blog.br\/v1\/wp-json\/wp\/v2\/users\/2"}],"replies":[{"embeddable":true,"href":"https:\/\/www.blogdothame.blog.br\/v1\/wp-json\/wp\/v2\/comments?post=103467"}],"version-history":[{"count":2,"href":"https:\/\/www.blogdothame.blog.br\/v1\/wp-json\/wp\/v2\/posts\/103467\/revisions"}],"predecessor-version":[{"id":103469,"href":"https:\/\/www.blogdothame.blog.br\/v1\/wp-json\/wp\/v2\/posts\/103467\/revisions\/103469"}],"wp:attachment":[{"href":"https:\/\/www.blogdothame.blog.br\/v1\/wp-json\/wp\/v2\/media?parent=103467"}],"wp:term":[{"taxonomy":"category","embeddable":true,"href":"https:\/\/www.blogdothame.blog.br\/v1\/wp-json\/wp\/v2\/categories?post=103467"},{"taxonomy":"post_tag","embeddable":true,"href":"https:\/\/www.blogdothame.blog.br\/v1\/wp-json\/wp\/v2\/tags?post=103467"}],"curies":[{"name":"wp","href":"https:\/\/api.w.org\/{rel}","templated":true}]}}