{"id":102374,"date":"2020-05-29T21:15:54","date_gmt":"2020-05-30T00:15:54","guid":{"rendered":"http:\/\/www.blogdothame.blog.br\/v1\/?p=102374"},"modified":"2020-05-29T21:15:54","modified_gmt":"2020-05-30T00:15:54","slug":"governo-paga-nova-parcela-do-vale-alimentacao-estudantil-no-dia-8-de-junho","status":"publish","type":"post","link":"https:\/\/www.blogdothame.blog.br\/v1\/2020\/05\/29\/governo-paga-nova-parcela-do-vale-alimentacao-estudantil-no-dia-8-de-junho\/","title":{"rendered":"Governo paga nova parcela do vale-alimenta\u00e7\u00e3o estudantil no dia 8 de junho"},"content":{"rendered":"<p>Mais uma vez, os 800 mil alunos da rede estadual de ensino v\u00e3o ter direito ao aux\u00edlio de R$ 55 do vale-alimenta\u00e7\u00e3o. O governador Rui Costa fez o an\u00fancio do pagamento de mais uma parcela do benef\u00edcio estudantil durante uma transmiss\u00e3o nas redes sociais, no in\u00edcio da noite desta sexta-feira (29). Os estudantes poder\u00e3o utilizar a quantia exclusivamente para comprar itens do g\u00eanero aliment\u00edcio em qualquer mercado instalado na Bahia a partir do dia 8 de junho, quando o valor ser\u00e1 depositado pelo Estado.<\/p>\n<p>Para pagar a nova parcela do benef\u00edcio, o governo estadual investir\u00e1 R$ 44 milh\u00f5es, mesmo montante do primeiro pagamento feito aos estudantes, em 20 de abril, como destacou o governador. \u201cVamos concluir a entrega dos cart\u00f5es j\u00e1 nessa pr\u00f3xima semana, para que o pagamento da segunda parcela seja feito direta e integralmente por meio do cart\u00e3o. Portanto, quem ainda n\u00e3o recebeu o cart\u00e3o deve entrar em contato com a escola o quanto antes j\u00e1 que n\u00e3o ser\u00e1 poss\u00edvel ter acesso ao benef\u00edcio indo diretamente aos mercados, como ocorreu no primeiro pagamento\u201d, alertou.<\/p>\n<p><!--more--><\/p>\n<p>Toque de recolher em Jequi\u00e9<\/p>\n<p>Outro assunto abordado por Rui foi o toque de recolher em Jequi\u00e9, que ser\u00e1 ampliado e prorrogado j\u00e1 a partir deste s\u00e1bado (30). At\u00e9 o dia 7 de junho, fica proibida a circula\u00e7\u00e3o de pessoas, bem como o funcionamento de estabelecimentos comerciais, com exce\u00e7\u00e3o de farm\u00e1cias, das 17h \u00e0s 5h, em qualquer ponto da cidade. \u201cOs n\u00fameros seguem crescendo em Jequi\u00e9 e, em conversa com o prefeito, ficou decidido que o mais prudente \u00e9 aumentar a restri\u00e7\u00e3o de circula\u00e7\u00e3o de pessoas, para melhorar os n\u00fameros na cidade, que cresceram cerca de 25% nos \u00faltimos dias\u201d, informou.<\/p>\n<p>Retomada da economia<\/p>\n<p>Ainda durante a live, o governador falou sobre a cria\u00e7\u00e3o de uma comiss\u00e3o de trabalho que re\u00fane gestores e t\u00e9cnicos de diversas secretarias estaduais e tamb\u00e9m representantes da Ind\u00fastria, Com\u00e9rcio, Turismo, Agricultura e outros segmentos da Sociedade Civil. \u201cO decreto de cria\u00e7\u00e3o dessa comiss\u00e3o j\u00e1 sai publicado no Di\u00e1rio Oficial deste s\u00e1bado [30] e vai viabilizar a elabora\u00e7\u00e3o de um projeto de acelera\u00e7\u00e3o do crescimento e da retomada do emprego e da economia p\u00f3s-pandemia na Bahia. A comiss\u00e3o deve concluir tudo em cerca de 15 dias. N\u00e3o temos data ainda para o retorno, mas queremos deixar tudo pronto\u201d, finalizou.<\/p>\n","protected":false},"excerpt":{"rendered":"<p>Mais uma vez, os 800 mil alunos da rede estadual de ensino v\u00e3o ter direito ao aux\u00edlio de R$ 55 do vale-alimenta\u00e7\u00e3o. O governador Rui Costa fez o an\u00fancio do pagamento de mais uma parcela do benef\u00edcio estudantil durante uma transmiss\u00e3o nas redes sociais, no in\u00edcio da noite desta sexta-feira (29). Os estudantes poder\u00e3o utilizar [&hellip;]<\/p>\n","protected":false},"author":2,"featured_media":0,"comment_status":"open","ping_status":"open","sticky":false,"template":"","format":"standard","meta":{"_links_to":"","_links_to_target":""},"categories":[1],"tags":[27117],"_links":{"self":[{"href":"https:\/\/www.blogdothame.blog.br\/v1\/wp-json\/wp\/v2\/posts\/102374"}],"collection":[{"href":"https:\/\/www.blogdothame.blog.br\/v1\/wp-json\/wp\/v2\/posts"}],"about":[{"href":"https:\/\/www.blogdothame.blog.br\/v1\/wp-json\/wp\/v2\/types\/post"}],"author":[{"embeddable":true,"href":"https:\/\/www.blogdothame.blog.br\/v1\/wp-json\/wp\/v2\/users\/2"}],"replies":[{"embeddable":true,"href":"https:\/\/www.blogdothame.blog.br\/v1\/wp-json\/wp\/v2\/comments?post=102374"}],"version-history":[{"count":1,"href":"https:\/\/www.blogdothame.blog.br\/v1\/wp-json\/wp\/v2\/posts\/102374\/revisions"}],"predecessor-version":[{"id":102375,"href":"https:\/\/www.blogdothame.blog.br\/v1\/wp-json\/wp\/v2\/posts\/102374\/revisions\/102375"}],"wp:attachment":[{"href":"https:\/\/www.blogdothame.blog.br\/v1\/wp-json\/wp\/v2\/media?parent=102374"}],"wp:term":[{"taxonomy":"category","embeddable":true,"href":"https:\/\/www.blogdothame.blog.br\/v1\/wp-json\/wp\/v2\/categories?post=102374"},{"taxonomy":"post_tag","embeddable":true,"href":"https:\/\/www.blogdothame.blog.br\/v1\/wp-json\/wp\/v2\/tags?post=102374"}],"curies":[{"name":"wp","href":"https:\/\/api.w.org\/{rel}","templated":true}]}}