{"id":102351,"date":"2020-05-29T09:17:59","date_gmt":"2020-05-29T12:17:59","guid":{"rendered":"http:\/\/www.blogdothame.blog.br\/v1\/?p=102351"},"modified":"2020-05-29T15:22:31","modified_gmt":"2020-05-29T18:22:31","slug":"governador-anuncia-comissao-para-alinhar-retomada-da-atividade-empresarial","status":"publish","type":"post","link":"https:\/\/www.blogdothame.blog.br\/v1\/2020\/05\/29\/governador-anuncia-comissao-para-alinhar-retomada-da-atividade-empresarial\/","title":{"rendered":"Governador anuncia comiss\u00e3o para alinhar retomada da atividade empresarial"},"content":{"rendered":"<p><img loading=\"lazy\" class=\"alignleft size-medium wp-image-102326\" src=\"http:\/\/www.blogdothame.blog.br\/v1\/wp-content\/uploads\/2020\/05\/rui-costa-rb-300x182.jpg\" alt=\"rui costa rb\" width=\"300\" height=\"182\" srcset=\"https:\/\/www.blogdothame.blog.br\/v1\/wp-content\/uploads\/2020\/05\/rui-costa-rb-300x182.jpg 300w, https:\/\/www.blogdothame.blog.br\/v1\/wp-content\/uploads\/2020\/05\/rui-costa-rb.jpg 720w\" sizes=\"(max-width: 300px) 100vw, 300px\" \/>Segundo o governador, a previs\u00e3o \u00e9 de que a primeira reuni\u00e3o ocorra na pr\u00f3xima semana. \u201cO objetivo \u00e9 fazer um planejamento da retomada e acelera\u00e7\u00e3o da gera\u00e7\u00e3o de emprego e da renda na Bahia ap\u00f3s a pandemia. J\u00e1 temos um esbo\u00e7o de projeto que ser\u00e1 compartilhado com as federa\u00e7\u00f5es e ser\u00e3o recolhidas as contribui\u00e7\u00f5es dos diferentes setores. Queremos ouvir tamb\u00e9m sugest\u00f5es dos trabalhadores e sindicatos. Amanh\u00e3 [sexta-feira, 29] assino o decreto que viabiliza a forma\u00e7\u00e3o desse grupo de trabalho. A primeira reuni\u00e3o j\u00e1 acontecer\u00e1 na segunda-feira [1\u00ba]\u201d.<\/p>\n<p>O presidente da Fieb destacou a relev\u00e2ncia da iniciativa para melhor estruturar o momento de retomada. &#8220;A participa\u00e7\u00e3o do governador Rui Costa na reuni\u00e3o da Diretoria da Fieb foi fundamental para o setor industrial. Ao conversar com empres\u00e1rios baianos e entender suas dificuldades neste momento de pandemia, ele decidiu criar um grupo de trabalho para discutir a retomada do setor produtivo, valorizando produtores locais e reunindo com\u00e9rcio, ind\u00fastria e agricultura. Este grupo pode ajudar a construir sa\u00eddas para as empresas, em um momento t\u00e3o dif\u00edcil e desafiador\u201d, disse Ricardo Alban.<\/p>\n<p><!--more--><\/p>\n<p>Not\u00edcias falsas<\/p>\n<p>Ainda durante a transmiss\u00e3o nas redes sociais, o governador sancionou a lei de combate \u00e0 dissemina\u00e7\u00e3o de fake news (not\u00edcias falsas), que havia sido encaminhada pelo Governo do Estado \u00e0 Assembleia Legislativa da Bahia (Alba). O projeto de lei foi aprovado pelo legislativo no dia 22 de maio. De acordo com a nova lei, a cria\u00e7\u00e3o e dissemina\u00e7\u00e3o de not\u00edcias falsas sobre epidemias, endemias e pandemias ser\u00e1 punida com multa, que varia entre R$ 5 mil e R$ 20 mil.<\/p>\n<p>A puni\u00e7\u00e3o vale para os respons\u00e1veis por elaborar, divulgar e utilizar softwares ou outros mecanismos para o compartilhamento em massa de fake news. Os valores da multa ser\u00e3o usados no combate \u00e0 pandemia. As den\u00fancias poder\u00e3o ser encaminhadas ao Minist\u00e9rio P\u00fablico da Bahia e os respons\u00e1veis poder\u00e3o responder pelo crime de cria\u00e7\u00e3o e compartilhamento de cal\u00fanias e mentiras.<\/p>\n<p>O Governo do Estado tamb\u00e9m colocou \u00e0 disposi\u00e7\u00e3o da popula\u00e7\u00e3o todos os seus canais de comunica\u00e7\u00e3o, a fim de que as pessoas possam tirar d\u00favidas sobre informa\u00e7\u00f5es ou mesmo denunciar not\u00edcias falsas disseminadas nas redes sociais e at\u00e9 na imprensa. As fake news tamb\u00e9m podem ser denunciadas por meio do Whatsapp (71) 9 9646-4095 ou pelo site Bahia Contra o Fake.<\/p>\n","protected":false},"excerpt":{"rendered":"<p>Segundo o governador, a previs\u00e3o \u00e9 de que a primeira reuni\u00e3o ocorra na pr\u00f3xima semana. \u201cO objetivo \u00e9 fazer um planejamento da retomada e acelera\u00e7\u00e3o da gera\u00e7\u00e3o de emprego e da renda na Bahia ap\u00f3s a pandemia. J\u00e1 temos um esbo\u00e7o de projeto que ser\u00e1 compartilhado com as federa\u00e7\u00f5es e ser\u00e3o recolhidas as contribui\u00e7\u00f5es dos [&hellip;]<\/p>\n","protected":false},"author":2,"featured_media":0,"comment_status":"open","ping_status":"open","sticky":false,"template":"","format":"standard","meta":{"_links_to":"","_links_to_target":""},"categories":[1],"tags":[27290,27289],"_links":{"self":[{"href":"https:\/\/www.blogdothame.blog.br\/v1\/wp-json\/wp\/v2\/posts\/102351"}],"collection":[{"href":"https:\/\/www.blogdothame.blog.br\/v1\/wp-json\/wp\/v2\/posts"}],"about":[{"href":"https:\/\/www.blogdothame.blog.br\/v1\/wp-json\/wp\/v2\/types\/post"}],"author":[{"embeddable":true,"href":"https:\/\/www.blogdothame.blog.br\/v1\/wp-json\/wp\/v2\/users\/2"}],"replies":[{"embeddable":true,"href":"https:\/\/www.blogdothame.blog.br\/v1\/wp-json\/wp\/v2\/comments?post=102351"}],"version-history":[{"count":1,"href":"https:\/\/www.blogdothame.blog.br\/v1\/wp-json\/wp\/v2\/posts\/102351\/revisions"}],"predecessor-version":[{"id":102352,"href":"https:\/\/www.blogdothame.blog.br\/v1\/wp-json\/wp\/v2\/posts\/102351\/revisions\/102352"}],"wp:attachment":[{"href":"https:\/\/www.blogdothame.blog.br\/v1\/wp-json\/wp\/v2\/media?parent=102351"}],"wp:term":[{"taxonomy":"category","embeddable":true,"href":"https:\/\/www.blogdothame.blog.br\/v1\/wp-json\/wp\/v2\/categories?post=102351"},{"taxonomy":"post_tag","embeddable":true,"href":"https:\/\/www.blogdothame.blog.br\/v1\/wp-json\/wp\/v2\/tags?post=102351"}],"curies":[{"name":"wp","href":"https:\/\/api.w.org\/{rel}","templated":true}]}}