{"id":102184,"date":"2020-05-22T13:00:09","date_gmt":"2020-05-22T16:00:09","guid":{"rendered":"http:\/\/www.blogdothame.blog.br\/v1\/?p=102184"},"modified":"2020-05-22T12:00:50","modified_gmt":"2020-05-22T15:00:50","slug":"criminalizacao-das-fake-news-e-aprovada-pela-assembleia-legislativa","status":"publish","type":"post","link":"https:\/\/www.blogdothame.blog.br\/v1\/2020\/05\/22\/criminalizacao-das-fake-news-e-aprovada-pela-assembleia-legislativa\/","title":{"rendered":"Criminaliza\u00e7\u00e3o das fake news \u00e9 aprovada pela Assembleia Legislativa"},"content":{"rendered":"<p>Dois projetos de lei enviados pelo Governo do Estado foram aprovados pela Assembleia Legislativa da Bahia (Alba), em sess\u00e3o virtual realizada nesta sexta-feira (22). O primeiro trata do combate \u00e0 cria\u00e7\u00e3o e divulga\u00e7\u00e3o de fake news durante epidemias, em especial neste per\u00edodo de enfrentamento ao coronav\u00edrus. O segundo \u00e9 relativo ao aux\u00edlio excepcional tempor\u00e1rio aos profissionais de sa\u00fade afastados e que atuam no combate \u00e0 Covid-19.<\/p>\n<p>De acordo com a nova lei aprovada pelos deputados, a cria\u00e7\u00e3o e dissemina\u00e7\u00e3o de not\u00edcias falsas sobre epidemias, endemias e pandemias ser\u00e1 punida com multa, que varia entre R$ 5 mil e R$ 20 mil. Isso vale para os respons\u00e1veis por elaborar, divulgar e utilizar softwares ou outros mecanismos para o compartilhamento em massa de fake news. Os valores da multa ser\u00e3o usados no combate \u00e0 pandemia. As den\u00fancias poder\u00e3o ser encaminhadas ao Minist\u00e9rio P\u00fablico da Bahia e os respons\u00e1veis poder\u00e3o responder, al\u00e9m das a\u00e7\u00f5es indenizat\u00f3rias, pelo crime de cria\u00e7\u00e3o e compartilhamento de cal\u00fanias e mentiras.<\/p>\n<p><!--more--><\/p>\n<p>Profissionais de sa\u00fade<\/p>\n<p>Por sua vez, a lei sobre aux\u00edlio excepcional tempor\u00e1rio aos profissionais de sa\u00fade beneficia, exclusivamente, aqueles que atuam em setores ou unidades da rede p\u00fablica estadual de sa\u00fade voltados ao tratamento da Covid-19. Ser\u00e1 concedida ao profissional afastado coberto pelo aux\u00edlio (sendo necess\u00e1rio que ele realize os exames no Lacen) uma parcela correspondente \u00e0 diferen\u00e7a entre o valor integral da remunera\u00e7\u00e3o, sal\u00e1rio ou contrapresta\u00e7\u00e3o mensal e o benef\u00edcio previdenci\u00e1rio a que tenha direito em raz\u00e3o do afastamento, limitada ao valor m\u00e1ximo de R$ 30 mil.<\/p>\n<p>Em caso de confirma\u00e7\u00e3o de \u00f3bito por Covid-19, os dependentes ter\u00e3o direito, uma \u00fanica vez, ao valor equivalente a 30 vezes o montante da remunera\u00e7\u00e3o recebida pelo profissional. O aux\u00edlio n\u00e3o passar\u00e1 a integrar a remunera\u00e7\u00e3o, sal\u00e1rio, proventos de aposentadoria ou qualquer forma de contrapresta\u00e7\u00e3o recebida.<\/p>\n<p><span style=\"color: #222222; font-family: Arial, Helvetica, sans-serif; font-size: small;\">\u00a0<\/span><\/p>\n","protected":false},"excerpt":{"rendered":"<p>Dois projetos de lei enviados pelo Governo do Estado foram aprovados pela Assembleia Legislativa da Bahia (Alba), em sess\u00e3o virtual realizada nesta sexta-feira (22). O primeiro trata do combate \u00e0 cria\u00e7\u00e3o e divulga\u00e7\u00e3o de fake news durante epidemias, em especial neste per\u00edodo de enfrentamento ao coronav\u00edrus. O segundo \u00e9 relativo ao aux\u00edlio excepcional tempor\u00e1rio aos [&hellip;]<\/p>\n","protected":false},"author":2,"featured_media":0,"comment_status":"open","ping_status":"open","sticky":false,"template":"","format":"standard","meta":{"_links_to":"","_links_to_target":""},"categories":[1],"tags":[552,27249],"_links":{"self":[{"href":"https:\/\/www.blogdothame.blog.br\/v1\/wp-json\/wp\/v2\/posts\/102184"}],"collection":[{"href":"https:\/\/www.blogdothame.blog.br\/v1\/wp-json\/wp\/v2\/posts"}],"about":[{"href":"https:\/\/www.blogdothame.blog.br\/v1\/wp-json\/wp\/v2\/types\/post"}],"author":[{"embeddable":true,"href":"https:\/\/www.blogdothame.blog.br\/v1\/wp-json\/wp\/v2\/users\/2"}],"replies":[{"embeddable":true,"href":"https:\/\/www.blogdothame.blog.br\/v1\/wp-json\/wp\/v2\/comments?post=102184"}],"version-history":[{"count":1,"href":"https:\/\/www.blogdothame.blog.br\/v1\/wp-json\/wp\/v2\/posts\/102184\/revisions"}],"predecessor-version":[{"id":102185,"href":"https:\/\/www.blogdothame.blog.br\/v1\/wp-json\/wp\/v2\/posts\/102184\/revisions\/102185"}],"wp:attachment":[{"href":"https:\/\/www.blogdothame.blog.br\/v1\/wp-json\/wp\/v2\/media?parent=102184"}],"wp:term":[{"taxonomy":"category","embeddable":true,"href":"https:\/\/www.blogdothame.blog.br\/v1\/wp-json\/wp\/v2\/categories?post=102184"},{"taxonomy":"post_tag","embeddable":true,"href":"https:\/\/www.blogdothame.blog.br\/v1\/wp-json\/wp\/v2\/tags?post=102184"}],"curies":[{"name":"wp","href":"https:\/\/api.w.org\/{rel}","templated":true}]}}