{"id":102175,"date":"2020-05-22T11:26:09","date_gmt":"2020-05-22T14:26:09","guid":{"rendered":"http:\/\/www.blogdothame.blog.br\/v1\/?p=102175"},"modified":"2020-05-22T11:27:48","modified_gmt":"2020-05-22T14:27:48","slug":"rui-anuncia-a-implantacao-de-10-novos-leitos-de-uti-em-jequie","status":"publish","type":"post","link":"https:\/\/www.blogdothame.blog.br\/v1\/2020\/05\/22\/rui-anuncia-a-implantacao-de-10-novos-leitos-de-uti-em-jequie\/","title":{"rendered":"Rui anuncia a implanta\u00e7\u00e3o de 10 novos leitos de UTI em Jequi\u00e9"},"content":{"rendered":"<p><img loading=\"lazy\" class=\"alignright size-medium wp-image-101810\" src=\"http:\/\/www.blogdothame.blog.br\/v1\/wp-content\/uploads\/2020\/05\/Rui-Jequi\u00e9-300x210.jpg\" alt=\"Rui Jequi\u00e9\" width=\"300\" height=\"210\" srcset=\"https:\/\/www.blogdothame.blog.br\/v1\/wp-content\/uploads\/2020\/05\/Rui-Jequi\u00e9-300x210.jpg 300w, https:\/\/www.blogdothame.blog.br\/v1\/wp-content\/uploads\/2020\/05\/Rui-Jequi\u00e9-1024x717.jpg 1024w, https:\/\/www.blogdothame.blog.br\/v1\/wp-content\/uploads\/2020\/05\/Rui-Jequi\u00e9.jpg 1280w\" sizes=\"(max-width: 300px) 100vw, 300px\" \/>Em entrevista concedida a uma rede de r\u00e1dios formada por emissoras de v\u00e1rias regi\u00f5es da Bahia, nesta sexta-feira (22), o governador Rui Costa anunciou a implanta\u00e7\u00e3o de 10 novos leitos de UTI em Jequi\u00e9 para o enfrentamento ao novo coronav\u00edrus e falou sobre antecipa\u00e7\u00e3o do hor\u00e1rio de in\u00edcio da restri\u00e7\u00e3o de circula\u00e7\u00e3o de pessoas e funcionamento de estabelecimentos comerciais, com exce\u00e7\u00e3o de farm\u00e1cias, de 20h para 18h. De acordo com o \u00faltimo boletim divulgado pela Secret\u00e1ria da Sa\u00fade (Sesab), o munic\u00edpio registra 216 casos confirmados e quatro \u00f3bitos.<\/p>\n<p>&#8220;Medidas mais r\u00edgidas s\u00e3o necess\u00e1rias porque a taxa de cont\u00e1gio continua aumentando e isso nos preocupa muito. A Bahia, finalmente, recebeu novos aparelhos respiradores e, j\u00e1 nesse s\u00e1bado (23), vamos poder implantar esses novos leitos de UTI no munic\u00edpio para lutar contra o v\u00edrus. Entretanto, a popula\u00e7\u00e3o precisa compreender que se o n\u00famero de infectados continuar crescendo, o sistema de sa\u00fade vai entrar em colapso. Ficar em casa e evitar o contato com outras pessoas \u00e9 a \u00fanica maneira de combater essa doen\u00e7a&#8221;.<\/p>\n<p><!--more--><\/p>\n<p>Estrutura<\/p>\n<p>Desde o dia 8 de abril, o Centro de Atendimento Covid-19 de Jequi\u00e9 est\u00e1 instalado no Hospital S\u00e3o Vicente e funcionando com 10 leitos. A unidade est\u00e1 aberta 24 horas por dia com uma equipe formada por 41 pessoas entre profissionais das \u00e1reas de sa\u00fade e administra\u00e7\u00e3o, entre eles enfermeiros, m\u00e9dicos, agentes de higieniza\u00e7\u00e3o, nutricionistas, farmac\u00eauticos e pessoal de almoxarifado.<\/p>\n<p>Tamb\u00e9m em Jequi\u00e9, o Hospital Prado Valadares conta com 21 leitos para atendimento de pacientes infectados pelo coronav\u00edrus, sendo nove de UTI. Visando garantir a seguran\u00e7a de seus profissionais, a unidade de sa\u00fade est\u00e1 realizando testes r\u00e1pidos para o v\u00edrus em funcion\u00e1rios da unidade. O resultado \u00e9 conhecido em 20 minutos ap\u00f3s a coleta de sangue, e \u00e9 importante para definir a perman\u00eancia do profissional de sa\u00fade no atendimento, prevenindo a dissemina\u00e7\u00e3o do v\u00edrus na unidade.<\/p>\n<p>Vit\u00f3ria da Conquista<\/p>\n<p>Em Vit\u00f3ria da Conquista, o Hospital das Cl\u00ednicas e o Hospital Geral s\u00e3o as unidades preparadas para receber os pacientes graves, somando 81 leitos, entre leitos para interna\u00e7\u00e3o cl\u00ednica e de UTI para os pacientes com sintomas mais grave da doen\u00e7a. A regi\u00e3o tamb\u00e9m conta com UPAs em Ipia\u00fa e Gandu, ambas com respiradores e capacidade para receber e dar assist\u00eancia aos pacientes.<\/p>\n","protected":false},"excerpt":{"rendered":"<p>Em entrevista concedida a uma rede de r\u00e1dios formada por emissoras de v\u00e1rias regi\u00f5es da Bahia, nesta sexta-feira (22), o governador Rui Costa anunciou a implanta\u00e7\u00e3o de 10 novos leitos de UTI em Jequi\u00e9 para o enfrentamento ao novo coronav\u00edrus e falou sobre antecipa\u00e7\u00e3o do hor\u00e1rio de in\u00edcio da restri\u00e7\u00e3o de circula\u00e7\u00e3o de pessoas e [&hellip;]<\/p>\n","protected":false},"author":2,"featured_media":0,"comment_status":"open","ping_status":"open","sticky":false,"template":"","format":"standard","meta":{"_links_to":"","_links_to_target":""},"categories":[1],"tags":[26839,133,11244],"_links":{"self":[{"href":"https:\/\/www.blogdothame.blog.br\/v1\/wp-json\/wp\/v2\/posts\/102175"}],"collection":[{"href":"https:\/\/www.blogdothame.blog.br\/v1\/wp-json\/wp\/v2\/posts"}],"about":[{"href":"https:\/\/www.blogdothame.blog.br\/v1\/wp-json\/wp\/v2\/types\/post"}],"author":[{"embeddable":true,"href":"https:\/\/www.blogdothame.blog.br\/v1\/wp-json\/wp\/v2\/users\/2"}],"replies":[{"embeddable":true,"href":"https:\/\/www.blogdothame.blog.br\/v1\/wp-json\/wp\/v2\/comments?post=102175"}],"version-history":[{"count":1,"href":"https:\/\/www.blogdothame.blog.br\/v1\/wp-json\/wp\/v2\/posts\/102175\/revisions"}],"predecessor-version":[{"id":102176,"href":"https:\/\/www.blogdothame.blog.br\/v1\/wp-json\/wp\/v2\/posts\/102175\/revisions\/102176"}],"wp:attachment":[{"href":"https:\/\/www.blogdothame.blog.br\/v1\/wp-json\/wp\/v2\/media?parent=102175"}],"wp:term":[{"taxonomy":"category","embeddable":true,"href":"https:\/\/www.blogdothame.blog.br\/v1\/wp-json\/wp\/v2\/categories?post=102175"},{"taxonomy":"post_tag","embeddable":true,"href":"https:\/\/www.blogdothame.blog.br\/v1\/wp-json\/wp\/v2\/tags?post=102175"}],"curies":[{"name":"wp","href":"https:\/\/api.w.org\/{rel}","templated":true}]}}