{"id":102148,"date":"2020-05-21T12:50:36","date_gmt":"2020-05-21T15:50:36","guid":{"rendered":"http:\/\/www.blogdothame.blog.br\/v1\/?p=102148"},"modified":"2020-05-21T12:50:36","modified_gmt":"2020-05-21T15:50:36","slug":"hospitais-baianos-comecam-a-receber-novos-respiradores-para-tratamento-da-covid-19","status":"publish","type":"post","link":"https:\/\/www.blogdothame.blog.br\/v1\/2020\/05\/21\/hospitais-baianos-comecam-a-receber-novos-respiradores-para-tratamento-da-covid-19\/","title":{"rendered":"Hospitais baianos come\u00e7am a receber novos respiradores para tratamento da Covid-19"},"content":{"rendered":"<p><img loading=\"lazy\" class=\"aligncenter size-medium wp-image-102150\" src=\"http:\/\/www.blogdothame.blog.br\/v1\/wp-content\/uploads\/2020\/05\/r-2-300x200.jpg\" alt=\"r 2\" width=\"300\" height=\"200\" srcset=\"https:\/\/www.blogdothame.blog.br\/v1\/wp-content\/uploads\/2020\/05\/r-2-300x200.jpg 300w, https:\/\/www.blogdothame.blog.br\/v1\/wp-content\/uploads\/2020\/05\/r-2.jpg 512w\" sizes=\"(max-width: 300px) 100vw, 300px\" \/><\/p>\n<p>Um carregamento de 159 respiradores chegou ao aeroporto de Salvador na noite desta quarta-feira (20). Os equipamentos ser\u00e3o utilizados na cria\u00e7\u00e3o de novos leitos de UTI para o tratamento de pacientes infectados com o novo coronav\u00edrus. Eles ser\u00e3o destinados a unidades de Salvador, Ilh\u00e9us, Vit\u00f3ria da Conquista, Porto Seguro, Juazeiro, Jequi\u00e9 e Irec\u00ea. A distribui\u00e7\u00e3o teve in\u00edcio no fim da manh\u00e3 desta quinta-feira (21), quando parte dos respiradores deixou o dep\u00f3sito da Secretaria Estadual da Sa\u00fade (Sesab), em Sim\u00f5es Filho, e foi encaminhado ao Hospital de Campanha do Sub\u00farbio.<\/p>\n<p>*Outro carregamento, com mais 48 respiradores, deve chegar nesta quinta-feira (21), \u00e0s 14h30, ao Aeroporto Internacional de Salvador.* A Bahia aguarda a chegada ainda de outros 350 respiradores, na semana que vem. Ao todo, mais de 550 novos equipamentos ir\u00e3o para unidades hospitalares da capital e do interior do estado.<\/p>\n<p><img loading=\"lazy\" class=\"aligncenter size-medium wp-image-102149\" src=\"http:\/\/www.blogdothame.blog.br\/v1\/wp-content\/uploads\/2020\/05\/r-1-300x136.jpg\" alt=\"r 1\" width=\"300\" height=\"136\" srcset=\"https:\/\/www.blogdothame.blog.br\/v1\/wp-content\/uploads\/2020\/05\/r-1-300x136.jpg 300w, https:\/\/www.blogdothame.blog.br\/v1\/wp-content\/uploads\/2020\/05\/r-1-1024x464.jpg 1024w, https:\/\/www.blogdothame.blog.br\/v1\/wp-content\/uploads\/2020\/05\/r-1.jpg 1111w\" sizes=\"(max-width: 300px) 100vw, 300px\" \/><\/p>\n<p>Segundo o governador Rui Costa, somente com as duas primeiras cargas de novos equipamentos j\u00e1 ser\u00e1 poss\u00edvel a abertura de mais de 200 UTIs, em Salvador e em outras regi\u00f5es do estado, como o extremo-sul e a regi\u00e3o de Jequi\u00e9. \u201cN\u00f3s estamos garantindo que todas as regi\u00f5es do estado ter\u00e3o leitos de UTI dispon\u00edveis. Neste momento, a maior press\u00e3o est\u00e1 sobre Salvador e a regi\u00e3o de Jequi\u00e9. Aqui em Salvador ser\u00e3o abertos novos leitos no Hospital Espanhol, no Couto Maia, na Fonte Nova e no Hospital do Sub\u00farbio\u201d.<\/p>\n<p><!--more--><\/p>\n<p>Somente nos dois primeiros carregamentos, que somam 219 equipamentos vindos de Santa Catarina e do Rio Grande do Sul, foram investidos R$ 3,5 milh\u00f5es. O secret\u00e1rio da sa\u00fade, F\u00e1bio Vilas-Boas, afirma que parte da carga j\u00e1 est\u00e1 sendo distribu\u00edda, ainda na manh\u00e3 desta quinta-feira, para os hospitais de Salvador, incluindo tamb\u00e9m o Ernesto Sim\u00f5es Filho.<\/p>\n<p>Quanto aos 350 respiradores com previs\u00e3o de chegada da Alemanha na pr\u00f3xima semana, o secret\u00e1rio F\u00e1bio Vilas-Boas informa que a entrega est\u00e1 garantida. \u201cN\u00f3s estamos recebendo a documenta\u00e7\u00e3o com o movimento da carga, temos o agendamento do avi\u00e3o fretado e assim que eles chegarem n\u00f3s faremos o an\u00fancio\u201d.<\/p>\n<p>Sobre o cronograma de instala\u00e7\u00e3o dos novos leitos, F\u00e1bio Vilas-Boas conta que \u201cser\u00e3o abertas primeiro as UTIs dos hospitais Espanhol e do Sub\u00farbio, e a previs\u00e3o para abertura de novos leitos na Arena Fonte Nova \u00e9 no dia 2 de junho\u201d.<\/p>\n","protected":false},"excerpt":{"rendered":"<p>Um carregamento de 159 respiradores chegou ao aeroporto de Salvador na noite desta quarta-feira (20). Os equipamentos ser\u00e3o utilizados na cria\u00e7\u00e3o de novos leitos de UTI para o tratamento de pacientes infectados com o novo coronav\u00edrus. Eles ser\u00e3o destinados a unidades de Salvador, Ilh\u00e9us, Vit\u00f3ria da Conquista, Porto Seguro, Juazeiro, Jequi\u00e9 e Irec\u00ea. A distribui\u00e7\u00e3o [&hellip;]<\/p>\n","protected":false},"author":2,"featured_media":0,"comment_status":"open","ping_status":"open","sticky":false,"template":"","format":"standard","meta":{"_links_to":"","_links_to_target":""},"categories":[1],"tags":[16,27244,1770],"_links":{"self":[{"href":"https:\/\/www.blogdothame.blog.br\/v1\/wp-json\/wp\/v2\/posts\/102148"}],"collection":[{"href":"https:\/\/www.blogdothame.blog.br\/v1\/wp-json\/wp\/v2\/posts"}],"about":[{"href":"https:\/\/www.blogdothame.blog.br\/v1\/wp-json\/wp\/v2\/types\/post"}],"author":[{"embeddable":true,"href":"https:\/\/www.blogdothame.blog.br\/v1\/wp-json\/wp\/v2\/users\/2"}],"replies":[{"embeddable":true,"href":"https:\/\/www.blogdothame.blog.br\/v1\/wp-json\/wp\/v2\/comments?post=102148"}],"version-history":[{"count":1,"href":"https:\/\/www.blogdothame.blog.br\/v1\/wp-json\/wp\/v2\/posts\/102148\/revisions"}],"predecessor-version":[{"id":102151,"href":"https:\/\/www.blogdothame.blog.br\/v1\/wp-json\/wp\/v2\/posts\/102148\/revisions\/102151"}],"wp:attachment":[{"href":"https:\/\/www.blogdothame.blog.br\/v1\/wp-json\/wp\/v2\/media?parent=102148"}],"wp:term":[{"taxonomy":"category","embeddable":true,"href":"https:\/\/www.blogdothame.blog.br\/v1\/wp-json\/wp\/v2\/categories?post=102148"},{"taxonomy":"post_tag","embeddable":true,"href":"https:\/\/www.blogdothame.blog.br\/v1\/wp-json\/wp\/v2\/tags?post=102148"}],"curies":[{"name":"wp","href":"https:\/\/api.w.org\/{rel}","templated":true}]}}