{"id":102119,"date":"2020-05-20T20:01:20","date_gmt":"2020-05-20T23:01:20","guid":{"rendered":"http:\/\/www.blogdothame.blog.br\/v1\/?p=102119"},"modified":"2020-05-20T20:02:14","modified_gmt":"2020-05-20T23:02:14","slug":"governo-do-estado-recebe-159-respiradores-para-capital-e-interior","status":"publish","type":"post","link":"https:\/\/www.blogdothame.blog.br\/v1\/2020\/05\/20\/governo-do-estado-recebe-159-respiradores-para-capital-e-interior\/","title":{"rendered":"Governo do Estado recebe 159 respiradores para Capital e Interior"},"content":{"rendered":"<p><img loading=\"lazy\" class=\"aligncenter size-medium wp-image-102120\" src=\"http:\/\/www.blogdothame.blog.br\/v1\/wp-content\/uploads\/2020\/05\/D915DE27-E8F2-4D45-9D4A-118A53368ACA-300x169.jpeg\" alt=\"D915DE27-E8F2-4D45-9D4A-118A53368ACA\" width=\"300\" height=\"169\" srcset=\"https:\/\/www.blogdothame.blog.br\/v1\/wp-content\/uploads\/2020\/05\/D915DE27-E8F2-4D45-9D4A-118A53368ACA-300x169.jpeg 300w, https:\/\/www.blogdothame.blog.br\/v1\/wp-content\/uploads\/2020\/05\/D915DE27-E8F2-4D45-9D4A-118A53368ACA.jpeg 720w\" sizes=\"(max-width: 300px) 100vw, 300px\" \/><\/p>\n<p>O Governo da Bahia recebeu uma carga com 159 respiradores mec\u00e2nicos, na noite desta quarta-feira (20). O material foi desembarcado no terminal de cargas da empresa Latam em Salvador e encaminhado a um dep\u00f3sito para posterior esteriliza\u00e7\u00e3o. O governador Rui Costa acompanhou o desembarque dos equipamentos presencialmente.<img loading=\"lazy\" class=\"aligncenter size-medium wp-image-102121\" src=\"http:\/\/www.blogdothame.blog.br\/v1\/wp-content\/uploads\/2020\/05\/1541CB9A-39E4-46DF-9B65-632F8C8BF20B-300x200.jpeg\" alt=\"1541CB9A-39E4-46DF-9B65-632F8C8BF20B\" width=\"300\" height=\"200\" srcset=\"https:\/\/www.blogdothame.blog.br\/v1\/wp-content\/uploads\/2020\/05\/1541CB9A-39E4-46DF-9B65-632F8C8BF20B-300x200.jpeg 300w, https:\/\/www.blogdothame.blog.br\/v1\/wp-content\/uploads\/2020\/05\/1541CB9A-39E4-46DF-9B65-632F8C8BF20B-1024x682.jpeg 1024w, https:\/\/www.blogdothame.blog.br\/v1\/wp-content\/uploads\/2020\/05\/1541CB9A-39E4-46DF-9B65-632F8C8BF20B.jpeg 1280w\" sizes=\"(max-width: 300px) 100vw, 300px\" \/><\/p>\n<p>&#8220;Com esses respiradores, n\u00f3s vamos montar leitos de UTI. S\u00e3o respiradores que, a partir de amanh\u00e3 [21], come\u00e7am a ser distribu\u00eddos nas nossas unidades hospitalares em Salvador e no interior do estado, em v\u00e1rias regi\u00f5es&#8221;, afirmou Rui durante live nas redes sociais direto do aeroporto.<\/p>\n<p>De acordo com o secret\u00e1rio da Sa\u00fade do Estado, F\u00e1bio Vilas-Boas, os equipamentos foram comprados de uma empresa do Rio Grande do Sul e embarcados na tarde desta quarta-feira (20) na cidade de Navegantes, em Santa Catarina. \u201cEsses equipamentos ser\u00e3o distribu\u00eddos para todas as unidades da capital e interior do estado. Os respiradores foram fabricados no Brasil e t\u00eam capacidade para ventilar todos os pacientes de coronav\u00edrus, incluindo adultos, crian\u00e7as e rec\u00e9m-natos, e tamb\u00e9m servem para transportar pacientes de uma unidade hospitalar para outra\u201d, explicou Vilas-Boas.<img loading=\"lazy\" class=\"aligncenter size-medium wp-image-102123\" src=\"http:\/\/www.blogdothame.blog.br\/v1\/wp-content\/uploads\/2020\/05\/A428BE77-2738-4FB0-AC26-44469476F593-300x200.jpeg\" alt=\"A428BE77-2738-4FB0-AC26-44469476F593\" width=\"300\" height=\"200\" srcset=\"https:\/\/www.blogdothame.blog.br\/v1\/wp-content\/uploads\/2020\/05\/A428BE77-2738-4FB0-AC26-44469476F593-300x200.jpeg 300w, https:\/\/www.blogdothame.blog.br\/v1\/wp-content\/uploads\/2020\/05\/A428BE77-2738-4FB0-AC26-44469476F593-1024x683.jpeg 1024w, https:\/\/www.blogdothame.blog.br\/v1\/wp-content\/uploads\/2020\/05\/A428BE77-2738-4FB0-AC26-44469476F593.jpeg 1224w\" sizes=\"(max-width: 300px) 100vw, 300px\" \/><\/p>\n<p>Ainda segundo o secret\u00e1rio, a Bahia investiu mais de R$ 3,5 milh\u00f5es na aquisi\u00e7\u00e3o dos respiradores. \u201cAs partes m\u00f3veis desses equipamentos ser\u00e3o submetidas a esteriliza\u00e7\u00e3o amanh\u00e3 e no mesmo dia ser\u00e3o distribu\u00eddos para as unidades de sa\u00fade. A nossa previs\u00e3o \u00e9 de que j\u00e1 estejam em funcionamento na noite desta quinta-feira [21]&#8221;.<\/p>\n<p>Al\u00e9m do material recebido na noite desta quarta-feira (20), outras duas aquisi\u00e7\u00f5es de respiradores devem chegar ao estado nos pr\u00f3ximos dias. Uma das compras foi feita pelo Governo do Estado e outra pela Federa\u00e7\u00e3o das Ind\u00fastrias do Estado da Bahia (Fieb), totalizando 110 respiradores que vir\u00e3o da China. A outra compra foi feita com fornecedor da Inglaterra e tem previs\u00e3o de chegada no in\u00edcio da pr\u00f3xima semana.<\/p>\n<p>A gest\u00e3o estadual tamb\u00e9m deve receber uma nova leva de 200 monitores, equipamentos utilizados em conjunto com os respiradores, at\u00e9 o dia 10 de junho. Na \u00faltima ter\u00e7a-feira (19), o Estado recebeu 100 monitores que j\u00e1 foram distribu\u00eddos para as unidades de sa\u00fade.<\/p>\n","protected":false},"excerpt":{"rendered":"<p>O Governo da Bahia recebeu uma carga com 159 respiradores mec\u00e2nicos, na noite desta quarta-feira (20). O material foi desembarcado no terminal de cargas da empresa Latam em Salvador e encaminhado a um dep\u00f3sito para posterior esteriliza\u00e7\u00e3o. O governador Rui Costa acompanhou o desembarque dos equipamentos presencialmente. &#8220;Com esses respiradores, n\u00f3s vamos montar leitos de [&hellip;]<\/p>\n","protected":false},"author":2,"featured_media":0,"comment_status":"open","ping_status":"open","sticky":false,"template":"","format":"standard","meta":{"_links_to":"","_links_to_target":""},"categories":[1],"tags":[],"_links":{"self":[{"href":"https:\/\/www.blogdothame.blog.br\/v1\/wp-json\/wp\/v2\/posts\/102119"}],"collection":[{"href":"https:\/\/www.blogdothame.blog.br\/v1\/wp-json\/wp\/v2\/posts"}],"about":[{"href":"https:\/\/www.blogdothame.blog.br\/v1\/wp-json\/wp\/v2\/types\/post"}],"author":[{"embeddable":true,"href":"https:\/\/www.blogdothame.blog.br\/v1\/wp-json\/wp\/v2\/users\/2"}],"replies":[{"embeddable":true,"href":"https:\/\/www.blogdothame.blog.br\/v1\/wp-json\/wp\/v2\/comments?post=102119"}],"version-history":[{"count":2,"href":"https:\/\/www.blogdothame.blog.br\/v1\/wp-json\/wp\/v2\/posts\/102119\/revisions"}],"predecessor-version":[{"id":102124,"href":"https:\/\/www.blogdothame.blog.br\/v1\/wp-json\/wp\/v2\/posts\/102119\/revisions\/102124"}],"wp:attachment":[{"href":"https:\/\/www.blogdothame.blog.br\/v1\/wp-json\/wp\/v2\/media?parent=102119"}],"wp:term":[{"taxonomy":"category","embeddable":true,"href":"https:\/\/www.blogdothame.blog.br\/v1\/wp-json\/wp\/v2\/categories?post=102119"},{"taxonomy":"post_tag","embeddable":true,"href":"https:\/\/www.blogdothame.blog.br\/v1\/wp-json\/wp\/v2\/tags?post=102119"}],"curies":[{"name":"wp","href":"https:\/\/api.w.org\/{rel}","templated":true}]}}