{"id":102110,"date":"2020-05-20T15:54:22","date_gmt":"2020-05-20T18:54:22","guid":{"rendered":"http:\/\/www.blogdothame.blog.br\/v1\/?p=102110"},"modified":"2020-05-20T15:54:22","modified_gmt":"2020-05-20T18:54:22","slug":"alunos-da-uniftc-buscam-solucoes-para-a-crise-do-novo-coronavirus-durante-hackathon","status":"publish","type":"post","link":"https:\/\/www.blogdothame.blog.br\/v1\/2020\/05\/20\/alunos-da-uniftc-buscam-solucoes-para-a-crise-do-novo-coronavirus-durante-hackathon\/","title":{"rendered":"Alunos da UniFTC buscam solu\u00e7\u00f5es para a crise do novo Coronav\u00edrus durante hackathon"},"content":{"rendered":"<p><img loading=\"lazy\" class=\"aligncenter size-medium wp-image-102112\" src=\"http:\/\/www.blogdothame.blog.br\/v1\/wp-content\/uploads\/2020\/05\/ftc-2-300x200.jpg\" alt=\"ftc 2\" width=\"300\" height=\"200\" srcset=\"https:\/\/www.blogdothame.blog.br\/v1\/wp-content\/uploads\/2020\/05\/ftc-2-300x200.jpg 300w, https:\/\/www.blogdothame.blog.br\/v1\/wp-content\/uploads\/2020\/05\/ftc-2.jpg 482w\" sizes=\"(max-width: 300px) 100vw, 300px\" \/>Quais solu\u00e7\u00f5es podem ser sugeridas para enfrentar a Covid-19, evitando o colapso dos sistemas de sa\u00fade, a crise econ\u00f4mica e o distanciamento social? Esse \u00e9 o desafio proposto aos alunos da Rede UniFTC atrav\u00e9s do projeto Maratona de Ideias, que est\u00e1 com as inscri\u00e7\u00f5es abertas at\u00e9 5 de junho em http:\/\/bit.ly\/ maratonadeideias_uniftc.<\/p>\n<p>Divididos em equipes de 3 a 5 pessoas e com o suporte de um professor mentor, estudantes de todas as unidades da institui\u00e7\u00e3o podem participar da atividade que incentiva a intera\u00e7\u00e3o e uso de habilidades, conhecimentos e compet\u00eancias na busca por solu\u00e7\u00f5es criativas. Ser\u00e3o premiadas aquelas equipes que apostarem em tecnologia e inova\u00e7\u00e3o sem perder de vista a relev\u00e2ncia e a viabilidade dos projetos.<\/p>\n<p>Em sua segunda edi\u00e7\u00e3o, a Maratona de Ideias ser\u00e1 realizada totalmente online. \u201cMesmo diante do distanciamento social, podemos ser criativos e disruptivos, fazendo uso da tecnologia e suas funcionalidades para unir nossos alunos e professores na busca por solu\u00e7\u00f5es inovadoras para a nossa sociedade. Nossa inten\u00e7\u00e3o \u00e9 que todos os participantes tenham a experi\u00eancia de compartilhar, aprender e construir de forma colaborativa\u201d, explica Fabr\u00edcio Oliveira, Gestor do Programa de Inova\u00e7\u00e3o e Empreendedorismo da Rede UniFTC e respons\u00e1vel pela coordena\u00e7\u00e3o do projeto.<\/p>\n<p><!--more--><\/p>\n<p>Toda a comunica\u00e7\u00e3o entre as equipes, seus mentores e a coordena\u00e7\u00e3o da Maratona de Ideias acontecer\u00e1 atrav\u00e9s do Google Classroom. A primeira fase do desafio conta com palestras e oficinas sobre o tema e sobre t\u00e9cnicas de apresenta\u00e7\u00e3o, que ser\u00e3o realizadas nos dias 16, 17 e 20 de junho. A competi\u00e7\u00e3o de verdade come\u00e7a no dia 30 de junho, quando as ideias das equipes ser\u00e3o apresentadas para uma banca. As melhores propostas participam da segunda etapa, marcada para o dia 18 de julho, de onde sair\u00e3o os tr\u00eas primeiros colocados.<\/p>\n<p>Eu movimento minha cidade &#8211;\u00a0Em sua primeira edi\u00e7\u00e3o, que aconteceu entre outubro e dezembro de 2019, a Maratona de Ideias abordou o tema &#8220;Eu movimento minha cidade&#8221; e provocou os estudantes a desenvolverem solu\u00e7\u00f5es inovadoras para os problemas de suas comunidades. As equipes que apresentaram ideias mais maduras seguiram para a disputa final, em Salvador. O projeto vencedor foi o aplicativo &#8220;Save Life&#8221;, que facilita o processo burocr\u00e1tico em torno da doa\u00e7\u00e3o de \u00f3rg\u00e3os. Os alunos tamb\u00e9m trouxeram propostas relacionadas ao acesso \u00e0 sa\u00fade p\u00fablica, descarte consciente de res\u00edduos e diversos outros temas relevantes \u00e0 sociedade.<\/p>\n","protected":false},"excerpt":{"rendered":"<p>Quais solu\u00e7\u00f5es podem ser sugeridas para enfrentar a Covid-19, evitando o colapso dos sistemas de sa\u00fade, a crise econ\u00f4mica e o distanciamento social? Esse \u00e9 o desafio proposto aos alunos da Rede UniFTC atrav\u00e9s do projeto Maratona de Ideias, que est\u00e1 com as inscri\u00e7\u00f5es abertas at\u00e9 5 de junho em http:\/\/bit.ly\/ maratonadeideias_uniftc. Divididos em equipes [&hellip;]<\/p>\n","protected":false},"author":2,"featured_media":0,"comment_status":"open","ping_status":"open","sticky":false,"template":"","format":"standard","meta":{"_links_to":"","_links_to_target":""},"categories":[1],"tags":[26839,27237,26490],"_links":{"self":[{"href":"https:\/\/www.blogdothame.blog.br\/v1\/wp-json\/wp\/v2\/posts\/102110"}],"collection":[{"href":"https:\/\/www.blogdothame.blog.br\/v1\/wp-json\/wp\/v2\/posts"}],"about":[{"href":"https:\/\/www.blogdothame.blog.br\/v1\/wp-json\/wp\/v2\/types\/post"}],"author":[{"embeddable":true,"href":"https:\/\/www.blogdothame.blog.br\/v1\/wp-json\/wp\/v2\/users\/2"}],"replies":[{"embeddable":true,"href":"https:\/\/www.blogdothame.blog.br\/v1\/wp-json\/wp\/v2\/comments?post=102110"}],"version-history":[{"count":1,"href":"https:\/\/www.blogdothame.blog.br\/v1\/wp-json\/wp\/v2\/posts\/102110\/revisions"}],"predecessor-version":[{"id":102113,"href":"https:\/\/www.blogdothame.blog.br\/v1\/wp-json\/wp\/v2\/posts\/102110\/revisions\/102113"}],"wp:attachment":[{"href":"https:\/\/www.blogdothame.blog.br\/v1\/wp-json\/wp\/v2\/media?parent=102110"}],"wp:term":[{"taxonomy":"category","embeddable":true,"href":"https:\/\/www.blogdothame.blog.br\/v1\/wp-json\/wp\/v2\/categories?post=102110"},{"taxonomy":"post_tag","embeddable":true,"href":"https:\/\/www.blogdothame.blog.br\/v1\/wp-json\/wp\/v2\/tags?post=102110"}],"curies":[{"name":"wp","href":"https:\/\/api.w.org\/{rel}","templated":true}]}}