{"id":102036,"date":"2020-05-15T15:10:52","date_gmt":"2020-05-15T18:10:52","guid":{"rendered":"http:\/\/www.blogdothame.blog.br\/v1\/?p=102036"},"modified":"2020-05-15T15:10:52","modified_gmt":"2020-05-15T18:10:52","slug":"aplicativo-monitora-covid-19-proporciona-acompanhamento-para-mais-de-13-mil-baianos","status":"publish","type":"post","link":"https:\/\/www.blogdothame.blog.br\/v1\/2020\/05\/15\/aplicativo-monitora-covid-19-proporciona-acompanhamento-para-mais-de-13-mil-baianos\/","title":{"rendered":"Aplicativo Monitora Covid-19 proporciona acompanhamento para mais de 13 mil baianos"},"content":{"rendered":"<p><img loading=\"lazy\" class=\"alignright size-medium wp-image-102037\" src=\"http:\/\/www.blogdothame.blog.br\/v1\/wp-content\/uploads\/2020\/05\/plic-300x200.jpg\" alt=\"plic\" width=\"300\" height=\"200\" srcset=\"https:\/\/www.blogdothame.blog.br\/v1\/wp-content\/uploads\/2020\/05\/plic-300x200.jpg 300w, https:\/\/www.blogdothame.blog.br\/v1\/wp-content\/uploads\/2020\/05\/plic.jpg 557w\" sizes=\"(max-width: 300px) 100vw, 300px\" \/>O advogado e educador Jo\u00e3o Nunes, 49 anos, morador do Costa Azul, em Salvador, recebeu, nesta quinta-feira (14), o diagn\u00f3stico de que est\u00e1 curado da Covid-19. Para a cura, segundo ele, foi fundamental a utiliza\u00e7\u00e3o do aplicativo Monitora Covid-19. Dispon\u00edvel para Android e iOS, o app foi desenvolvido em uma parceria entre a Secretaria de Ci\u00eancia, Tecnologia e Inova\u00e7\u00e3o do Estado (Secti) e a Funda\u00e7\u00e3o Estatal da Sa\u00fade da Fam\u00edlia (Fesf). ?<br \/>\n?<br \/>\nCom uma equipe multidisciplinar de retaguarda com mais de 260 profissionais, incluindo 60 m\u00e9dicos, mais de 13 mil baianos est\u00e3o cadastrados no app atualmente, dos quais 500 s\u00e3o acompanhados diretamente por uma equipe m\u00e9dica, sem custos, por telefone. Para iOS, o aplicativo pode ser baixado neste link (bityli.com\/z8fMw); e para Android, neste link (bityli.com\/o03fr). ?<br \/>\n?<br \/>\nEntre outras fun\u00e7\u00f5es, o aplicativo possui uma lista de sintomas pr\u00f3prios do coronav\u00edrus, que s\u00e3o marcados diariamente pelos usu\u00e1rios, na medida em que forem identificados. Quando os sintomas informados por meio do aplicativo indicam que o quadro est\u00e1 se agravando, o usu\u00e1rio recebe um telefonema da equipe m\u00e9dica em at\u00e9 24 horas.?<br \/>\n?<br \/>\nCom a confirma\u00e7\u00e3o do quadro, a equipe m\u00e9dica passa a fazer periodicamente o acompanhamento do paciente por telefone, possibilitando, inclusive, a indica\u00e7\u00e3o da necessidade de procurar o servi\u00e7o m\u00e9dico. O aplicativo tamb\u00e9m informa qual o servi\u00e7o m\u00e9dico dispon\u00edvel mais pr\u00f3ximo. ?<\/p>\n<p><!--more--><br \/>\n?<br \/>\n\u201cEste aplicativo foi meu porto seguro\u201d, afirma Jo\u00e3o Nunes. \u201c\u00c9 dif\u00edcil ficar semanas em um quarto isolado, sem carinho da fam\u00edlia, da esposa, dos filhos. O contato dos m\u00e9dicos vem como um b\u00e1lsamo. A solid\u00e3o e a tristeza nos abatem demais, mas eu sabia que o telefone tocaria, com as palavras de um m\u00e9dico, um psic\u00f3logo, um amigo. Isso me ajudou bastante\u201d. ?<br \/>\n?<br \/>\nSegundo ele, o in\u00edcio do tratamento foi o mais dif\u00edcil. \u201cFoi muito intensa a quest\u00e3o da dor, da tristeza, da solid\u00e3o. No primeiro telefonema que recebi pelo aplicativo, eu percebi que n\u00e3o estava sozinho. Por isso, quem est\u00e1 com suspeita de Covid-19 deve atualizar as informa\u00e7\u00f5es no aplicativo, com os sintomas que estiver sentindo\u201d.?<br \/>\n?<br \/>\nDispon\u00edvel para todo o Brasil?<br \/>\n?<br \/>\nA secret\u00e1ria de Ci\u00eancia, Tecnologia e Inova\u00e7\u00e3o, Ad\u00e9lia Pinheiro, informa que o aplicativo foi desenvolvido a partir de um termo de coopera\u00e7\u00e3o t\u00e9cnica entre a Secti e a Funda\u00e7\u00e3o Estatal de Sa\u00fade da Fam\u00edlia. \u201c\u00c9 uma solu\u00e7\u00e3o tecnol\u00f3gica de apoio para que a popula\u00e7\u00e3o seja assistida com qualidade por uma equipe m\u00e9dica e multidisciplinar, dentro do seu domic\u00edlio, para que sinais de alerta sejam identificados e a pessoa seja adequadamente orientada para se dirigir para a unidade de sa\u00fade apenas quando necess\u00e1rio\u201d, explica. Segundo ela, o aplicativo Monitora Covid-19 e o TeleCoronavirus (155) s\u00e3o as duas importantes solu\u00e7\u00f5es tecnol\u00f3gicas que o Governo do Estado utiliza para assistir toda a sua popula\u00e7\u00e3o. ?<br \/>\n?<br \/>\nAd\u00e9lia Pinheiro destaca ainda que o aplicativo j\u00e1 estava \u00e0 disposi\u00e7\u00e3o de todos os estados do Nordeste e recentemente foi colocado \u00e0 disposi\u00e7\u00e3o de todos os estados do Brasil. \u201cMas \u00e9 importante observar que a retaguarda para os atendimentos m\u00e9dicos por telefone dependem da disponibilidade de cada estado ou munic\u00edpio. O Estado da Bahia assumiu integralmente esta bancada, com profissionais m\u00e9dicos que se vinculam e acompanham os pacientes enquanto dura o adoecimento\u201d. ?<br \/>\n?<br \/>\nMonitoramento da Covid-19 em territ\u00f3rio baiano?<br \/>\n?<br \/>\nO secret\u00e1rio executivo da Funda\u00e7\u00e3o Estatal Sa\u00fade da Fam\u00edlia, Jos\u00e9 Santana, lembra que outro benef\u00edcio do aplicativo \u00e9 possibilitar que as informa\u00e7\u00f5es coletadas sejam disponibilizadas para uma Sala de Situa\u00e7\u00e3o, monitorada pelo Cons\u00f3rcio do Nordeste e pelo governador Rui Costa, presidente do cons\u00f3rcio. ?<br \/>\n?<br \/>\n\u201cNesta sala de situa\u00e7\u00e3o, a gente consegue ver como \u00e9 que a pandemia est\u00e1 evoluindo no territ\u00f3rio, onde as pessoas est\u00e3o apresentando mais sintomas respirat\u00f3rios. A gente consegue ter uma vis\u00e3o bem definida de como est\u00e1 a evolu\u00e7\u00e3o da Covid-19 em territ\u00f3rio baiano. Quanto mais pessoas baixam o aplicativo, mais exata \u00e9 essa vis\u00e3o do Governo, que pode planejar melhor as a\u00e7\u00f5es de sa\u00fade para evitar maiores consequ\u00eancias da pandemia\u201d, pontua. ?<br \/>\n?<br \/>\nSantana ressalta que o aplicativo possibilita que o sistema de sa\u00fade cuide das pessoas em casa, em tempo de pandemia, usando a tecnologia da comunica\u00e7\u00e3o e da informa\u00e7\u00e3o. \u201cTodas as institui\u00e7\u00f5es envolvidas no processo est\u00e3o trabalhando sem custos, tanto a Funda\u00e7\u00e3o Estatal quanto as empresas parceiras que desenvolveram o aplicativo. Isso refor\u00e7a a posi\u00e7\u00e3o de responsabilidade social, seja das pessoas jur\u00eddicas envolvidas como das pessoas f\u00edsicas. Os m\u00e9dicos n\u00e3o recebem nada a mais para participarem deste monitoramento\u201d.?<br \/>\n?<\/p>\n","protected":false},"excerpt":{"rendered":"<p>O advogado e educador Jo\u00e3o Nunes, 49 anos, morador do Costa Azul, em Salvador, recebeu, nesta quinta-feira (14), o diagn\u00f3stico de que est\u00e1 curado da Covid-19. Para a cura, segundo ele, foi fundamental a utiliza\u00e7\u00e3o do aplicativo Monitora Covid-19. Dispon\u00edvel para Android e iOS, o app foi desenvolvido em uma parceria entre a Secretaria de [&hellip;]<\/p>\n","protected":false},"author":2,"featured_media":0,"comment_status":"open","ping_status":"open","sticky":false,"template":"","format":"standard","meta":{"_links_to":"","_links_to_target":""},"categories":[1],"tags":[27227],"_links":{"self":[{"href":"https:\/\/www.blogdothame.blog.br\/v1\/wp-json\/wp\/v2\/posts\/102036"}],"collection":[{"href":"https:\/\/www.blogdothame.blog.br\/v1\/wp-json\/wp\/v2\/posts"}],"about":[{"href":"https:\/\/www.blogdothame.blog.br\/v1\/wp-json\/wp\/v2\/types\/post"}],"author":[{"embeddable":true,"href":"https:\/\/www.blogdothame.blog.br\/v1\/wp-json\/wp\/v2\/users\/2"}],"replies":[{"embeddable":true,"href":"https:\/\/www.blogdothame.blog.br\/v1\/wp-json\/wp\/v2\/comments?post=102036"}],"version-history":[{"count":1,"href":"https:\/\/www.blogdothame.blog.br\/v1\/wp-json\/wp\/v2\/posts\/102036\/revisions"}],"predecessor-version":[{"id":102038,"href":"https:\/\/www.blogdothame.blog.br\/v1\/wp-json\/wp\/v2\/posts\/102036\/revisions\/102038"}],"wp:attachment":[{"href":"https:\/\/www.blogdothame.blog.br\/v1\/wp-json\/wp\/v2\/media?parent=102036"}],"wp:term":[{"taxonomy":"category","embeddable":true,"href":"https:\/\/www.blogdothame.blog.br\/v1\/wp-json\/wp\/v2\/categories?post=102036"},{"taxonomy":"post_tag","embeddable":true,"href":"https:\/\/www.blogdothame.blog.br\/v1\/wp-json\/wp\/v2\/tags?post=102036"}],"curies":[{"name":"wp","href":"https:\/\/api.w.org\/{rel}","templated":true}]}}