{"id":102030,"date":"2020-05-15T14:59:24","date_gmt":"2020-05-15T17:59:24","guid":{"rendered":"http:\/\/www.blogdothame.blog.br\/v1\/?p=102030"},"modified":"2020-05-15T15:00:30","modified_gmt":"2020-05-15T18:00:30","slug":"laboratorio-estadual-em-jequie-inicia-testes-moleculares-para-covid-19","status":"publish","type":"post","link":"https:\/\/www.blogdothame.blog.br\/v1\/2020\/05\/15\/laboratorio-estadual-em-jequie-inicia-testes-moleculares-para-covid-19\/","title":{"rendered":"Laborat\u00f3rio estadual em Jequi\u00e9 inicia testes moleculares para Covid-19"},"content":{"rendered":"<p><img loading=\"lazy\" class=\"alignright size-medium wp-image-102031\" src=\"http:\/\/www.blogdothame.blog.br\/v1\/wp-content\/uploads\/2020\/05\/lacen1-300x200.jpg\" alt=\"lacen\" width=\"300\" height=\"200\" srcset=\"https:\/\/www.blogdothame.blog.br\/v1\/wp-content\/uploads\/2020\/05\/lacen1-300x200.jpg 300w, https:\/\/www.blogdothame.blog.br\/v1\/wp-content\/uploads\/2020\/05\/lacen1-1024x682.jpg 1024w, https:\/\/www.blogdothame.blog.br\/v1\/wp-content\/uploads\/2020\/05\/lacen1.jpg 1280w\" sizes=\"(max-width: 300px) 100vw, 300px\" \/>Mais um laborat\u00f3rio p\u00fablico estadual entrou em opera\u00e7\u00e3o, realizando testagens do tipo RT-PCR, que \u00e9 o padr\u00e3o ouro para a detec\u00e7\u00e3o do genoma viral do coronav\u00edrus (Covid-19). O secret\u00e1rio da Sa\u00fade da Bahia, F\u00e1bio Vilas-Boas, esteve no munic\u00edpio de Jequi\u00e9 nesta sexta-feira (15), onde visitou a unidade que est\u00e1 localizada dentro do Centro de Refer\u00eancia em Doen\u00e7as End\u00eamicas Piraj\u00e1 da Silva.<\/p>\n<p>De acordo com o secret\u00e1rio, \u201ca unidade tem capacidade de realizar at\u00e9 1.080 exames por m\u00eas, sendo refer\u00eancia para casos graves e \u00f3bitos da regi\u00e3o. J\u00e1 os exames de rotina continuar\u00e3o indo para Laborat\u00f3rio Central de Sa\u00fade P\u00fablica da Bahia (Lacen-BA), em Salvador, cuja capacidade de an\u00e1lise \u00e9 superior a mil amostras por dia\u201d, afirma Vilas-Boas.<\/p>\n<p><img loading=\"lazy\" class=\"aligncenter size-medium wp-image-102034\" src=\"http:\/\/www.blogdothame.blog.br\/v1\/wp-content\/uploads\/2020\/05\/PHOTO-2020-05-15-14-37-261-300x200.jpg\" alt=\"PHOTO-2020-05-15-14-37-26\" width=\"300\" height=\"200\" srcset=\"https:\/\/www.blogdothame.blog.br\/v1\/wp-content\/uploads\/2020\/05\/PHOTO-2020-05-15-14-37-261-300x200.jpg 300w, https:\/\/www.blogdothame.blog.br\/v1\/wp-content\/uploads\/2020\/05\/PHOTO-2020-05-15-14-37-261-1024x682.jpg 1024w, https:\/\/www.blogdothame.blog.br\/v1\/wp-content\/uploads\/2020\/05\/PHOTO-2020-05-15-14-37-261.jpg 1280w\" sizes=\"(max-width: 300px) 100vw, 300px\" \/><\/p>\n<p>O laborat\u00f3rio em Jequi\u00e9 se junta \u00e0s unidades de Vit\u00f3ria da Conquista e Barreiras, que iniciaram a testagem molecular nesta semana. Ainda ser\u00e3o implantados laborat\u00f3rios em Paulo Afonso e Porto Seguro. \u201cTem sido feito um esfor\u00e7o enorme do governador Rui Costa para adquirir m\u00e1quinas e insumos para ampliar e descentralizar a testagem da popula\u00e7\u00e3o\u201d, ressalta o secret\u00e1rio.<\/p>\n<p><!--more--><\/p>\n<p>No Sistema \u00danico de Sa\u00fade (SUS), a coleta de amostras para a realiza\u00e7\u00e3o do exame RT-PCR deve ocorrer em cinco situa\u00e7\u00f5es: pacientes internados com suspeita de coronav\u00edrus, independente da gravidade; pacientes com S\u00edndrome Respirat\u00f3ria Aguda Grave (SRAG); profissionais de sa\u00fade com s\u00edndrome gripal suspeitos de Covid-19 ou que tenham tido contato com casos confirmados de coronav\u00edrus, mesmo que assintom\u00e1ticos; pacientes que foram a \u00f3bito com suspeita de Covid-19, cuja coleta n\u00e3o p\u00f4de ter sido realizada em vida; e em indiv\u00edduos institucionalizados durante investiga\u00e7\u00e3o de surtos da doen\u00e7a.<\/p>\n<p>Em Jequi\u00e9, F\u00e1bio Vilas-Boas tamb\u00e9m verificou o funcionamento dos 21 leitos destinados ao tratamento da Covid-19 instalados no Hospital Prado Valadares, unidade da rede da Secretaria da Sa\u00fade do Estado.<\/p>\n<p>De acordo com o \u00faltimo boletim epidemiol\u00f3gico divulgado pela Secretaria da Sa\u00fade do Estado (Sesab), Jequi\u00e9 possui 142 casos confirmados de Covid-19, enquanto Ipia\u00fa tem 116 registros. No entanto, utilizando o coeficiente de incid\u00eancia da doen\u00e7a por 1.000.000 de habitantes, Ipia\u00fa lidera o ranking estadual com o n\u00famero de 2.310,73. Devido a esta situa\u00e7\u00e3o no munic\u00edpio de Ipia\u00fa, Vilas-Boas tamb\u00e9m visitou a localidade, onde conversou com a secret\u00e1ria de Sa\u00fade e conheceu o Pronto Atendimento Covid-19, que j\u00e1 realizou mais de 300 atendimentos desde 23 de abril, data da abertura do servi\u00e7o.<\/p>\n<p><span style=\"color: #222222; font-family: Arial, Helvetica, sans-serif; font-size: small;\">\u00a0<\/span><\/p>\n","protected":false},"excerpt":{"rendered":"<p>Mais um laborat\u00f3rio p\u00fablico estadual entrou em opera\u00e7\u00e3o, realizando testagens do tipo RT-PCR, que \u00e9 o padr\u00e3o ouro para a detec\u00e7\u00e3o do genoma viral do coronav\u00edrus (Covid-19). O secret\u00e1rio da Sa\u00fade da Bahia, F\u00e1bio Vilas-Boas, esteve no munic\u00edpio de Jequi\u00e9 nesta sexta-feira (15), onde visitou a unidade que est\u00e1 localizada dentro do Centro de Refer\u00eancia [&hellip;]<\/p>\n","protected":false},"author":2,"featured_media":0,"comment_status":"open","ping_status":"open","sticky":false,"template":"","format":"standard","meta":{"_links_to":"","_links_to_target":""},"categories":[1],"tags":[],"_links":{"self":[{"href":"https:\/\/www.blogdothame.blog.br\/v1\/wp-json\/wp\/v2\/posts\/102030"}],"collection":[{"href":"https:\/\/www.blogdothame.blog.br\/v1\/wp-json\/wp\/v2\/posts"}],"about":[{"href":"https:\/\/www.blogdothame.blog.br\/v1\/wp-json\/wp\/v2\/types\/post"}],"author":[{"embeddable":true,"href":"https:\/\/www.blogdothame.blog.br\/v1\/wp-json\/wp\/v2\/users\/2"}],"replies":[{"embeddable":true,"href":"https:\/\/www.blogdothame.blog.br\/v1\/wp-json\/wp\/v2\/comments?post=102030"}],"version-history":[{"count":2,"href":"https:\/\/www.blogdothame.blog.br\/v1\/wp-json\/wp\/v2\/posts\/102030\/revisions"}],"predecessor-version":[{"id":102035,"href":"https:\/\/www.blogdothame.blog.br\/v1\/wp-json\/wp\/v2\/posts\/102030\/revisions\/102035"}],"wp:attachment":[{"href":"https:\/\/www.blogdothame.blog.br\/v1\/wp-json\/wp\/v2\/media?parent=102030"}],"wp:term":[{"taxonomy":"category","embeddable":true,"href":"https:\/\/www.blogdothame.blog.br\/v1\/wp-json\/wp\/v2\/categories?post=102030"},{"taxonomy":"post_tag","embeddable":true,"href":"https:\/\/www.blogdothame.blog.br\/v1\/wp-json\/wp\/v2\/tags?post=102030"}],"curies":[{"name":"wp","href":"https:\/\/api.w.org\/{rel}","templated":true}]}}