{"id":102025,"date":"2020-05-15T13:35:39","date_gmt":"2020-05-15T16:35:39","guid":{"rendered":"http:\/\/www.blogdothame.blog.br\/v1\/?p=102025"},"modified":"2020-05-15T13:37:54","modified_gmt":"2020-05-15T16:37:54","slug":"buerarema-entrega-5-mil-mascaras-a-comunidade","status":"publish","type":"post","link":"https:\/\/www.blogdothame.blog.br\/v1\/2020\/05\/15\/buerarema-entrega-5-mil-mascaras-a-comunidade\/","title":{"rendered":"Buerarema entrega 5 mil m\u00e1scaras \u00e0 comunidade"},"content":{"rendered":"<p style=\"text-align: justify;\"><img loading=\"lazy\" class=\"aligncenter size-medium wp-image-102026\" src=\"http:\/\/www.blogdothame.blog.br\/v1\/wp-content\/uploads\/2020\/05\/DSC_0075-300x183.jpg\" alt=\"DSC_0075\" width=\"300\" height=\"183\" srcset=\"https:\/\/www.blogdothame.blog.br\/v1\/wp-content\/uploads\/2020\/05\/DSC_0075-300x183.jpg 300w, https:\/\/www.blogdothame.blog.br\/v1\/wp-content\/uploads\/2020\/05\/DSC_0075.jpg 500w\" sizes=\"(max-width: 300px) 100vw, 300px\" \/><br \/>\nO uso de\u00a0m\u00e1scaras\u00a0se tornou uma parte importante do combate \u00e0 COVID-19, doen\u00e7a causada pelo novo coronav\u00edrus, tendo em vista que parte da popula\u00e7\u00e3o n\u00e3o disp\u00f5e de recursos para comprar este item, a Prefeitura de Buerarema adquiriu 5 mil m\u00e1scaras de tecido para doar a comunidade.<\/p>\n<p style=\"text-align: justify;\">A entrega est\u00e1 sendo feita gradativamente, sendo priorizadas a princ\u00edpio, pessoas mais carentes, colaborando dessa forma com a prote\u00e7\u00e3o da comunidade e propiciando condi\u00e7\u00f5es para que todos possam cumprir o decreto 404\/2020, que estabelece o uso obrigat\u00f3rio de m\u00e1scaras no munic\u00edpio.<\/p>\n<p style=\"text-align: justify;\">A Secretaria de Sa\u00fade j\u00e1 adquiriu tamb\u00e9m 14 mil m\u00e1scaras cir\u00fargicas e mil m\u00e1scaras N95, destinada aos profissionais da \u00e1rea. E com apoio de costureiras volunt\u00e1rias, j\u00e1 foram confeccionadas \u00a0distribu\u00eddas diversas m\u00e1scaras de TNT.<\/p>\n<p style=\"text-align: justify;\">\n","protected":false},"excerpt":{"rendered":"<p>O uso de\u00a0m\u00e1scaras\u00a0se tornou uma parte importante do combate \u00e0 COVID-19, doen\u00e7a causada pelo novo coronav\u00edrus, tendo em vista que parte da popula\u00e7\u00e3o n\u00e3o disp\u00f5e de recursos para comprar este item, a Prefeitura de Buerarema adquiriu 5 mil m\u00e1scaras de tecido para doar a comunidade. A entrega est\u00e1 sendo feita gradativamente, sendo priorizadas a princ\u00edpio, [&hellip;]<\/p>\n","protected":false},"author":2,"featured_media":0,"comment_status":"open","ping_status":"open","sticky":false,"template":"","format":"standard","meta":{"_links_to":"","_links_to_target":""},"categories":[1],"tags":[],"_links":{"self":[{"href":"https:\/\/www.blogdothame.blog.br\/v1\/wp-json\/wp\/v2\/posts\/102025"}],"collection":[{"href":"https:\/\/www.blogdothame.blog.br\/v1\/wp-json\/wp\/v2\/posts"}],"about":[{"href":"https:\/\/www.blogdothame.blog.br\/v1\/wp-json\/wp\/v2\/types\/post"}],"author":[{"embeddable":true,"href":"https:\/\/www.blogdothame.blog.br\/v1\/wp-json\/wp\/v2\/users\/2"}],"replies":[{"embeddable":true,"href":"https:\/\/www.blogdothame.blog.br\/v1\/wp-json\/wp\/v2\/comments?post=102025"}],"version-history":[{"count":3,"href":"https:\/\/www.blogdothame.blog.br\/v1\/wp-json\/wp\/v2\/posts\/102025\/revisions"}],"predecessor-version":[{"id":102029,"href":"https:\/\/www.blogdothame.blog.br\/v1\/wp-json\/wp\/v2\/posts\/102025\/revisions\/102029"}],"wp:attachment":[{"href":"https:\/\/www.blogdothame.blog.br\/v1\/wp-json\/wp\/v2\/media?parent=102025"}],"wp:term":[{"taxonomy":"category","embeddable":true,"href":"https:\/\/www.blogdothame.blog.br\/v1\/wp-json\/wp\/v2\/categories?post=102025"},{"taxonomy":"post_tag","embeddable":true,"href":"https:\/\/www.blogdothame.blog.br\/v1\/wp-json\/wp\/v2\/tags?post=102025"}],"curies":[{"name":"wp","href":"https:\/\/api.w.org\/{rel}","templated":true}]}}