{"id":102021,"date":"2020-05-15T14:50:13","date_gmt":"2020-05-15T17:50:13","guid":{"rendered":"http:\/\/www.blogdothame.blog.br\/v1\/?p=102021"},"modified":"2020-05-15T10:55:40","modified_gmt":"2020-05-15T13:55:40","slug":"mercado-publicitario-live-debate-os-reflexos-da-pandemia-no-sul-da-bahia","status":"publish","type":"post","link":"https:\/\/www.blogdothame.blog.br\/v1\/2020\/05\/15\/mercado-publicitario-live-debate-os-reflexos-da-pandemia-no-sul-da-bahia\/","title":{"rendered":"Mercado publicit\u00e1rio: live debate os reflexos da pandemia no Sul da Bahia"},"content":{"rendered":"<p><img loading=\"lazy\" class=\"alignleft  wp-image-102022\" src=\"http:\/\/www.blogdothame.blog.br\/v1\/wp-content\/uploads\/2020\/05\/tiao-300x300.png\" alt=\"tiao\" width=\"224\" height=\"224\" srcset=\"https:\/\/www.blogdothame.blog.br\/v1\/wp-content\/uploads\/2020\/05\/tiao-300x300.png 300w, https:\/\/www.blogdothame.blog.br\/v1\/wp-content\/uploads\/2020\/05\/tiao-150x150.png 150w, https:\/\/www.blogdothame.blog.br\/v1\/wp-content\/uploads\/2020\/05\/tiao.png 600w\" sizes=\"(max-width: 224px) 100vw, 224px\" \/>A regi\u00e3o sul da Bahia \u00e9 uma das que mais vem sofrendo com os reflexos da pandemia do Covid-19, tendo sido Itabuna uma das primeiras cidades a terem toque de recolher no estado, em fun\u00e7\u00e3o do crescimento do n\u00famero de infectados pela doen\u00e7a. Desta forma, a segunda edi\u00e7\u00e3o da live #TamoJunto, promovida pelo Sindicato das Ag\u00eancias de Propaganda do Estado da Bahia (Sinapro-Bahia), vai abordar o mercado publicit\u00e1rio da regi\u00e3o Sul frente ao cen\u00e1rio da pandemia do estado. A transmiss\u00e3o acontecer\u00e1 na pr\u00f3xima ter\u00e7a-feira (dia 19), \u00e0s 10h, no perfil do Sinapro-Bahia no Instagram (@sinaprobahia).<\/p>\n<p>&nbsp;<\/p>\n<p>&nbsp;<\/p>\n<p>O convidado da semana ser\u00e1 o diretor de Cria\u00e7\u00e3o da ag\u00eancia Art3 Propaganda, Ti\u00e3o Barros, delegado Regional Sul do Sinapro-Bahia que ser\u00e1 entrevistado pelo diretor de Rela\u00e7\u00f5es Governamentais do Sinapro-Bahia e vice-presidente da Associa\u00e7\u00e3o Baiana do Mercado Publicit\u00e1rio (ABMP), Luis Eduardo Lima, s\u00f3cio e vice-presidente de Novos Neg\u00f3cios da ag\u00eancia SLA Propaganda.<\/p>\n<p><img loading=\"lazy\" class=\"aligncenter  wp-image-102023\" src=\"http:\/\/www.blogdothame.blog.br\/v1\/wp-content\/uploads\/2020\/05\/luiz-300x300.png\" alt=\"luiz\" width=\"242\" height=\"242\" srcset=\"https:\/\/www.blogdothame.blog.br\/v1\/wp-content\/uploads\/2020\/05\/luiz-300x300.png 300w, https:\/\/www.blogdothame.blog.br\/v1\/wp-content\/uploads\/2020\/05\/luiz-150x150.png 150w, https:\/\/www.blogdothame.blog.br\/v1\/wp-content\/uploads\/2020\/05\/luiz.png 600w\" sizes=\"(max-width: 242px) 100vw, 242px\" \/><\/p>\n<p>Sucesso\u00a0&#8211; A estreia da live #TamoJunto, na \u00faltima ter\u00e7a-feira (dia 12), foi muito bem recebida pelo mercado e teve a participa\u00e7\u00e3o da presidente do Sinapro-Bahia, Vera Rocha e do consultor em gest\u00e3o e professor Osvaldo Matos. O tema abordado, gest\u00e3o das ag\u00eancias de propaganda frente ao cen\u00e1rio atual da pandemia do novo Coronav\u00edrus, chamou a aten\u00e7\u00e3o dos participantes que j\u00e1 solicitaram a realiza\u00e7\u00e3o de outra live com o mesmo tema e convidado. Semanalmente, a live #TamoJunto trar\u00e1 assuntos de interesse dos publicit\u00e1rios e de anunciantes, abordados por especialistas nos temas.<\/p>\n<p>&nbsp;<\/p>\n","protected":false},"excerpt":{"rendered":"<p>A regi\u00e3o sul da Bahia \u00e9 uma das que mais vem sofrendo com os reflexos da pandemia do Covid-19, tendo sido Itabuna uma das primeiras cidades a terem toque de recolher no estado, em fun\u00e7\u00e3o do crescimento do n\u00famero de infectados pela doen\u00e7a. Desta forma, a segunda edi\u00e7\u00e3o da live #TamoJunto, promovida pelo Sindicato das [&hellip;]<\/p>\n","protected":false},"author":2,"featured_media":0,"comment_status":"open","ping_status":"open","sticky":false,"template":"","format":"standard","meta":{"_links_to":"","_links_to_target":""},"categories":[1],"tags":[16213,185],"_links":{"self":[{"href":"https:\/\/www.blogdothame.blog.br\/v1\/wp-json\/wp\/v2\/posts\/102021"}],"collection":[{"href":"https:\/\/www.blogdothame.blog.br\/v1\/wp-json\/wp\/v2\/posts"}],"about":[{"href":"https:\/\/www.blogdothame.blog.br\/v1\/wp-json\/wp\/v2\/types\/post"}],"author":[{"embeddable":true,"href":"https:\/\/www.blogdothame.blog.br\/v1\/wp-json\/wp\/v2\/users\/2"}],"replies":[{"embeddable":true,"href":"https:\/\/www.blogdothame.blog.br\/v1\/wp-json\/wp\/v2\/comments?post=102021"}],"version-history":[{"count":1,"href":"https:\/\/www.blogdothame.blog.br\/v1\/wp-json\/wp\/v2\/posts\/102021\/revisions"}],"predecessor-version":[{"id":102024,"href":"https:\/\/www.blogdothame.blog.br\/v1\/wp-json\/wp\/v2\/posts\/102021\/revisions\/102024"}],"wp:attachment":[{"href":"https:\/\/www.blogdothame.blog.br\/v1\/wp-json\/wp\/v2\/media?parent=102021"}],"wp:term":[{"taxonomy":"category","embeddable":true,"href":"https:\/\/www.blogdothame.blog.br\/v1\/wp-json\/wp\/v2\/categories?post=102021"},{"taxonomy":"post_tag","embeddable":true,"href":"https:\/\/www.blogdothame.blog.br\/v1\/wp-json\/wp\/v2\/tags?post=102021"}],"curies":[{"name":"wp","href":"https:\/\/api.w.org\/{rel}","templated":true}]}}