{"id":102004,"date":"2020-05-14T20:00:41","date_gmt":"2020-05-14T23:00:41","guid":{"rendered":"http:\/\/www.blogdothame.blog.br\/v1\/?p=102004"},"modified":"2020-05-14T19:50:22","modified_gmt":"2020-05-14T22:50:22","slug":"sinjorba-quer-todos-os-profissionais-de-imprensa-testados-para-covid-19","status":"publish","type":"post","link":"https:\/\/www.blogdothame.blog.br\/v1\/2020\/05\/14\/sinjorba-quer-todos-os-profissionais-de-imprensa-testados-para-covid-19\/","title":{"rendered":"Sinjorba quer todos os profissionais de imprensa testados para Covid-19"},"content":{"rendered":"<p><img loading=\"lazy\" class=\"alignright size-medium wp-image-102005\" src=\"http:\/\/www.blogdothame.blog.br\/v1\/wp-content\/uploads\/2020\/05\/covid-sin-300x168.jpg\" alt=\"covid sin\" width=\"300\" height=\"168\" \/>O Sindicato dos Jornalistas da Bahia- Sinjorba est\u00e1 solicitando \u00e0 Secretaria de Sa\u00fade do Estado (Sesab), que inclua os jornalistas, radialistas e demais profissionais de imprensa nos grupos de testagem para Covid-19. Nesse sentido, a entidade enviou of\u00edcio diretamente ao secret\u00e1rio de Sa\u00fade, F\u00e1bio Vilas Boas, no dia 13 de maio, sustentando o pleito com base no Decreto 10.288, de 22 de mar\u00e7o de 2020, que define os servi\u00e7os relacionados \u00e0 imprensa como essenciais e que os profissionais da \u00e1rea, portanto, devem ser inclu\u00eddos nas medidas para evitar adoecimento.<\/p>\n<p>O par\u00e1grafo 1\u00ba, do Art. 4\u00ba, do referido Decreto, estabelece que \u201cTamb\u00e9m s\u00e3o consideradas essenciais as atividades acess\u00f3rias e de suporte e a disponibiliza\u00e7\u00e3o dos insumos necess\u00e1rios \u00e0 cadeia produtiva relacionados \u00e0s atividades e aos servi\u00e7os de que trata o caput\u201d, isso significa que todos os grupos de profissionais envolvidos na \u00e1rea devem ser abrangidos nas campanhas desenvolvidas pelo governo de preven\u00e7\u00e3o \u00e0 Covid-19.<\/p>\n<p>A mesma solicita\u00e7\u00e3o de testagem feita \u00e0 Sesab tamb\u00e9m est\u00e1 sendo feita \u00e0s empresas de comunica\u00e7\u00e3o que enviam rep\u00f3rteres para a cobertura externa. O Sindicato entende que a responsabilidade pela sa\u00fade coletiva, especialmente nesse grave momento, deve ser solid\u00e1ria. As empresas, portanto precisam fazer a sua parte.<\/p>\n<p><!--more--><\/p>\n<p>O of\u00edcio do Sinjorba voltou a cobrar, ainda, a vacina\u00e7\u00e3o dos profissionais de imprensa contra o v\u00edrus Influenza, lembrando ao secret\u00e1rio que j\u00e1 foi feita solicita\u00e7\u00e3o \u00e0 Sesab e aos munic\u00edpios, mas que at\u00e9 o momento houve resposta positiva e efetiva imuniza\u00e7\u00e3o apenas dos jornalistas e radialistas das cidades de Jequi\u00e9, Vit\u00f3ria da Conquista e Tanha\u00e7u.<\/p>\n<p>O Sindicato considera que a vacina\u00e7\u00e3o e a testagem para Covid-19 s\u00e3o a\u00e7\u00f5es essenciais para o cumprimento do decreto 10.288, que em seu par\u00e1grafo 3\u00ba do Art. 4\u00ba, prev\u00ea textualmente: \u201cNa execu\u00e7\u00e3o das atividades e dos servi\u00e7os essenciais de que trata este Decreto dever\u00e3o ser adotadas todas as cautelas para redu\u00e7\u00e3o da transmissibilidade da Covid-19\u201d.<\/p>\n","protected":false},"excerpt":{"rendered":"<p>O Sindicato dos Jornalistas da Bahia- Sinjorba est\u00e1 solicitando \u00e0 Secretaria de Sa\u00fade do Estado (Sesab), que inclua os jornalistas, radialistas e demais profissionais de imprensa nos grupos de testagem para Covid-19. Nesse sentido, a entidade enviou of\u00edcio diretamente ao secret\u00e1rio de Sa\u00fade, F\u00e1bio Vilas Boas, no dia 13 de maio, sustentando o pleito com [&hellip;]<\/p>\n","protected":false},"author":2,"featured_media":0,"comment_status":"open","ping_status":"open","sticky":false,"template":"","format":"standard","meta":{"_links_to":"","_links_to_target":""},"categories":[1],"tags":[26839,27223,24659],"_links":{"self":[{"href":"https:\/\/www.blogdothame.blog.br\/v1\/wp-json\/wp\/v2\/posts\/102004"}],"collection":[{"href":"https:\/\/www.blogdothame.blog.br\/v1\/wp-json\/wp\/v2\/posts"}],"about":[{"href":"https:\/\/www.blogdothame.blog.br\/v1\/wp-json\/wp\/v2\/types\/post"}],"author":[{"embeddable":true,"href":"https:\/\/www.blogdothame.blog.br\/v1\/wp-json\/wp\/v2\/users\/2"}],"replies":[{"embeddable":true,"href":"https:\/\/www.blogdothame.blog.br\/v1\/wp-json\/wp\/v2\/comments?post=102004"}],"version-history":[{"count":1,"href":"https:\/\/www.blogdothame.blog.br\/v1\/wp-json\/wp\/v2\/posts\/102004\/revisions"}],"predecessor-version":[{"id":102006,"href":"https:\/\/www.blogdothame.blog.br\/v1\/wp-json\/wp\/v2\/posts\/102004\/revisions\/102006"}],"wp:attachment":[{"href":"https:\/\/www.blogdothame.blog.br\/v1\/wp-json\/wp\/v2\/media?parent=102004"}],"wp:term":[{"taxonomy":"category","embeddable":true,"href":"https:\/\/www.blogdothame.blog.br\/v1\/wp-json\/wp\/v2\/categories?post=102004"},{"taxonomy":"post_tag","embeddable":true,"href":"https:\/\/www.blogdothame.blog.br\/v1\/wp-json\/wp\/v2\/tags?post=102004"}],"curies":[{"name":"wp","href":"https:\/\/api.w.org\/{rel}","templated":true}]}}