{"id":101924,"date":"2020-05-13T07:58:57","date_gmt":"2020-05-13T10:58:57","guid":{"rendered":"http:\/\/www.blogdothame.blog.br\/v1\/?p=101924"},"modified":"2020-05-13T10:03:11","modified_gmt":"2020-05-13T13:03:11","slug":"os-fascistas-nao-param-de-atacar-rui","status":"publish","type":"post","link":"https:\/\/www.blogdothame.blog.br\/v1\/2020\/05\/13\/os-fascistas-nao-param-de-atacar-rui\/","title":{"rendered":"Os Fascistas n\u00e3o param de atacar Rui"},"content":{"rendered":"<p style=\"text-align: right;\">Josias Gomes<\/p>\n<p style=\"text-align: left;\"><img loading=\"lazy\" class=\"alignright size-medium wp-image-68450\" src=\"http:\/\/www.blogdothame.blog.br\/v1\/wp-content\/uploads\/2017\/10\/josias-gomes-300x165.jpg\" alt=\"josias gomes\" width=\"300\" height=\"165\" srcset=\"https:\/\/www.blogdothame.blog.br\/v1\/wp-content\/uploads\/2017\/10\/josias-gomes-300x165.jpg 300w, https:\/\/www.blogdothame.blog.br\/v1\/wp-content\/uploads\/2017\/10\/josias-gomes.jpg 600w\" sizes=\"(max-width: 300px) 100vw, 300px\" \/>Companheiro Rui, suas palavras ecoam o sentimento da maioria do povo baiano. Voc\u00ea \u00e9 o alvo principal dos Milicianos Fascistas porque eles sabem que mais do que palavras, as suas a\u00e7\u00f5es salvam vidas, levam esperan\u00e7a ao nosso povo \u00f3rf\u00e3o do poder p\u00fablico Federal.<\/p>\n<p>O v\u00edrus do fascismo imprime o \u00f3dio em todas as rela\u00e7\u00f5es sociais. Causa cegueira ao ponto de o sujeito defender o pr\u00f3prio calv\u00e1rio. Estamos em guerra pela vida. Infelizmente, nem o v\u00edrus invis\u00edvel que mata preto, branco, amarelo, mesti\u00e7o rico ou pobre \u00e9 capaz de unir uma minoria de pessoas rancorosas, ego\u00edstas. Estes que se acham imortais podem perder as vidas. Certamente, passada a pandemia, caso eles sobrevivam, ser\u00e3o mortos-vivos, t\u00edpico de fascistas no P\u00f3s-Guerra. S\u00f3 restar\u00e3o a eles a ingl\u00f3ria legenda de defensores de genocida.<\/p>\n<p>A Bahia reconhece o seu trabalho. Mais do que pesquisas de opini\u00e3o, temos orgulho de ouvir a maioria das fam\u00edlias baianas repetir: *ainda bem que temos um governador humano*. Sei que a batalha \u00e9 \u00e1rdua, mas cada vida salva, faz tudo valer \u00e0 pena.<\/p>\n<p>A Bahia est\u00e1 contigo, meu companheiro*! Siga forte, sereno, sendo este mesmo l\u00edder de cora\u00e7\u00e3o generoso capaz de unir o nosso Estado-Na\u00e7\u00e3o rumo \u00e0 vit\u00f3ria por vidas.<\/p>\n<p>Josias Gomes \u2013 Deputado Federal do PT\/Bahia e atualmente titular da Secretaria de Desenvolvimento Rural (SDR).<\/p>\n","protected":false},"excerpt":{"rendered":"<p>Josias Gomes Companheiro Rui, suas palavras ecoam o sentimento da maioria do povo baiano. Voc\u00ea \u00e9 o alvo principal dos Milicianos Fascistas porque eles sabem que mais do que palavras, as suas a\u00e7\u00f5es salvam vidas, levam esperan\u00e7a ao nosso povo \u00f3rf\u00e3o do poder p\u00fablico Federal. O v\u00edrus do fascismo imprime o \u00f3dio em todas as [&hellip;]<\/p>\n","protected":false},"author":2,"featured_media":0,"comment_status":"open","ping_status":"open","sticky":false,"template":"","format":"standard","meta":{"_links_to":"","_links_to_target":""},"categories":[1],"tags":[],"_links":{"self":[{"href":"https:\/\/www.blogdothame.blog.br\/v1\/wp-json\/wp\/v2\/posts\/101924"}],"collection":[{"href":"https:\/\/www.blogdothame.blog.br\/v1\/wp-json\/wp\/v2\/posts"}],"about":[{"href":"https:\/\/www.blogdothame.blog.br\/v1\/wp-json\/wp\/v2\/types\/post"}],"author":[{"embeddable":true,"href":"https:\/\/www.blogdothame.blog.br\/v1\/wp-json\/wp\/v2\/users\/2"}],"replies":[{"embeddable":true,"href":"https:\/\/www.blogdothame.blog.br\/v1\/wp-json\/wp\/v2\/comments?post=101924"}],"version-history":[{"count":3,"href":"https:\/\/www.blogdothame.blog.br\/v1\/wp-json\/wp\/v2\/posts\/101924\/revisions"}],"predecessor-version":[{"id":101927,"href":"https:\/\/www.blogdothame.blog.br\/v1\/wp-json\/wp\/v2\/posts\/101924\/revisions\/101927"}],"wp:attachment":[{"href":"https:\/\/www.blogdothame.blog.br\/v1\/wp-json\/wp\/v2\/media?parent=101924"}],"wp:term":[{"taxonomy":"category","embeddable":true,"href":"https:\/\/www.blogdothame.blog.br\/v1\/wp-json\/wp\/v2\/categories?post=101924"},{"taxonomy":"post_tag","embeddable":true,"href":"https:\/\/www.blogdothame.blog.br\/v1\/wp-json\/wp\/v2\/tags?post=101924"}],"curies":[{"name":"wp","href":"https:\/\/api.w.org\/{rel}","templated":true}]}}