{"id":101918,"date":"2020-05-13T10:32:33","date_gmt":"2020-05-13T13:32:33","guid":{"rendered":"http:\/\/www.blogdothame.blog.br\/v1\/?p=101918"},"modified":"2020-05-13T09:37:56","modified_gmt":"2020-05-13T12:37:56","slug":"projeto-lacos-maternos-eternos-levou-emocao-as-maes-privadas-de-liberdade-no-conjunto-penal-de-itabuna","status":"publish","type":"post","link":"https:\/\/www.blogdothame.blog.br\/v1\/2020\/05\/13\/projeto-lacos-maternos-eternos-levou-emocao-as-maes-privadas-de-liberdade-no-conjunto-penal-de-itabuna\/","title":{"rendered":"Projeto \u201cLa\u00e7os Maternos, Eternos\u201d levou emo\u00e7\u00e3o \u00e0s  m\u00e3es privadas de liberdade no Conjunto Penal de Itabuna"},"content":{"rendered":"<p><img loading=\"lazy\" class=\"alignleft size-medium wp-image-101919\" src=\"http:\/\/www.blogdothame.blog.br\/v1\/wp-content\/uploads\/2020\/05\/dia-das-m\u00e3es-300x142.jpg\" alt=\"dia das m\u00e3es\" width=\"300\" height=\"142\" srcset=\"https:\/\/www.blogdothame.blog.br\/v1\/wp-content\/uploads\/2020\/05\/dia-das-m\u00e3es-300x142.jpg 300w, https:\/\/www.blogdothame.blog.br\/v1\/wp-content\/uploads\/2020\/05\/dia-das-m\u00e3es-1024x485.jpg 1024w, https:\/\/www.blogdothame.blog.br\/v1\/wp-content\/uploads\/2020\/05\/dia-das-m\u00e3es.jpg 1032w\" sizes=\"(max-width: 300px) 100vw, 300px\" \/>Fortalecer os v\u00ednculos afetivos com familiares nesse momento de distanciamento social. Com esses objetivos, os setores de Servi\u00e7o Social e de Psicologia do Conjunto Penal de Itabuna promoveram, no domingo (10), Dia das M\u00e3es, o projeto \u201cLa\u00e7os Maternos, Eternos&#8221;.<\/p>\n<p>O projeto consistiu em organizar, em uma m\u00eddia digital, v\u00eddeos de filhos e filhas das mulheres custodiadas, com depoimentos em homenagem \u00e0s m\u00e3es. A emo\u00e7\u00e3o tomou conta do ambiente, e todas as m\u00e3es foram \u00e0s l\u00e1grimas com as homenagens de seus filhos.<\/p>\n<p>De acordo com a coordenadora do Corpo T\u00e9cnico e uma das realizadoras do projeto, Genice Lacerda, a falta de conv\u00edvio das m\u00e3es privadas de liberdade com seus filhos pode acarretar perda de v\u00ednculos \u00e9 distanciamento afetivo.<\/p>\n<p><!--more--><\/p>\n<p>\u201cNa condi\u00e7\u00e3o de promotores das condi\u00e7\u00f5es para a ressocializa\u00e7\u00e3o das pessoas em priva\u00e7\u00e3o de liberdade, entendemos que era necess\u00e1rio criar as condi\u00e7\u00f5es para que as m\u00e3es pudessem desfrutar da companhia de seus filhos, ainda que o encontro fosse mediado por meios tecnol\u00f3gicos. No fim, os la\u00e7os que unem m\u00e3es e filhos n\u00e3o conhecem barreiras, e vimos isso durante a realiza\u00e7\u00e3o desse projeto&#8221;.<\/p>\n<p>A proposta da equipe multidisciplinar da empresa Socializa no Conjunto Penal de Itabuna \u00e9 estender o projeto enquanto durarem as medidas de isolamento social, que hoje impedem a realiza\u00e7\u00e3o de visitas aos custodiados, inclusive ampliando aos demais internos custodiados.<\/p>\n","protected":false},"excerpt":{"rendered":"<p>Fortalecer os v\u00ednculos afetivos com familiares nesse momento de distanciamento social. Com esses objetivos, os setores de Servi\u00e7o Social e de Psicologia do Conjunto Penal de Itabuna promoveram, no domingo (10), Dia das M\u00e3es, o projeto \u201cLa\u00e7os Maternos, Eternos&#8221;. O projeto consistiu em organizar, em uma m\u00eddia digital, v\u00eddeos de filhos e filhas das mulheres [&hellip;]<\/p>\n","protected":false},"author":2,"featured_media":0,"comment_status":"open","ping_status":"open","sticky":false,"template":"","format":"standard","meta":{"_links_to":"","_links_to_target":""},"categories":[1],"tags":[7107,27204,27203],"_links":{"self":[{"href":"https:\/\/www.blogdothame.blog.br\/v1\/wp-json\/wp\/v2\/posts\/101918"}],"collection":[{"href":"https:\/\/www.blogdothame.blog.br\/v1\/wp-json\/wp\/v2\/posts"}],"about":[{"href":"https:\/\/www.blogdothame.blog.br\/v1\/wp-json\/wp\/v2\/types\/post"}],"author":[{"embeddable":true,"href":"https:\/\/www.blogdothame.blog.br\/v1\/wp-json\/wp\/v2\/users\/2"}],"replies":[{"embeddable":true,"href":"https:\/\/www.blogdothame.blog.br\/v1\/wp-json\/wp\/v2\/comments?post=101918"}],"version-history":[{"count":1,"href":"https:\/\/www.blogdothame.blog.br\/v1\/wp-json\/wp\/v2\/posts\/101918\/revisions"}],"predecessor-version":[{"id":101920,"href":"https:\/\/www.blogdothame.blog.br\/v1\/wp-json\/wp\/v2\/posts\/101918\/revisions\/101920"}],"wp:attachment":[{"href":"https:\/\/www.blogdothame.blog.br\/v1\/wp-json\/wp\/v2\/media?parent=101918"}],"wp:term":[{"taxonomy":"category","embeddable":true,"href":"https:\/\/www.blogdothame.blog.br\/v1\/wp-json\/wp\/v2\/categories?post=101918"},{"taxonomy":"post_tag","embeddable":true,"href":"https:\/\/www.blogdothame.blog.br\/v1\/wp-json\/wp\/v2\/tags?post=101918"}],"curies":[{"name":"wp","href":"https:\/\/api.w.org\/{rel}","templated":true}]}}