{"id":101914,"date":"2020-05-13T09:26:57","date_gmt":"2020-05-13T12:26:57","guid":{"rendered":"http:\/\/www.blogdothame.blog.br\/v1\/?p=101914"},"modified":"2020-05-13T09:30:03","modified_gmt":"2020-05-13T12:30:03","slug":"comite-emergencial-da-ufsb-divulgou-setimo-boletim-semanal-sobre-epidemia-do-covid-19-no-sul-da-bahia","status":"publish","type":"post","link":"https:\/\/www.blogdothame.blog.br\/v1\/2020\/05\/13\/comite-emergencial-da-ufsb-divulgou-setimo-boletim-semanal-sobre-epidemia-do-covid-19-no-sul-da-bahia\/","title":{"rendered":"Comit\u00ea emergencial da UFSB divulga boletim semanal sobre epidemia do Covid-19 no Sul da Bahia"},"content":{"rendered":"<p>O Comit\u00ea Emergencial de Crise da Pandemia de Covid-19 da Universidade Federal do Sul da Bahia-UFSB publicou o\u00a0<a href=\"https:\/\/ufsb.edu.br\/images\/Noticias\/documentos_CEC_covid-19\/Observat%C3%B3rio_Boletim_07.pdf\" target=\"_blank\" rel=\"noopener\" data-saferedirecturl=\"https:\/\/www.google.com\/url?q=https:\/\/ufsb.edu.br\/images\/Noticias\/documentos_CEC_covid-19\/Observat%25C3%25B3rio_Boletim_07.pdf&amp;source=gmail&amp;ust=1589402104221000&amp;usg=AFQjCNHPd6020uBhbxvPkrVZgIXVMQDIEQ\">s\u00e9timo boletim do Observat\u00f3rio da Epidemia do Novo Coronav\u00edrus no Sul da Bahia<\/a>. A edi\u00e7\u00e3o analisa os desenvolvimentos relativos ao per\u00edodo de 02 a 08 de maio de 2020 e abrange os territ\u00f3rios do Sul e Extremo Sul do estado. Em destaque na edi\u00e7\u00e3o\u00a0 a analise \u00a0do panorama semanal no Brasil e nos munic\u00edpios l; proje\u00e7\u00f5es de tend\u00eancias para a regi\u00e3o, incluindo estimativas nos cen\u00e1rios com e sem supress\u00e3o de fluxo de pessoas;\u00a0 e\u00a0Mapeamento de iniciativas institucionais,<\/p>\n<p>Leia:<\/p>\n<p><strong><a href=\"https:\/\/ufsb.edu.br\/images\/Noticias\/documentos_CEC_covid-19\/Observat%C3%B3rio_Boletim_07.pdf\" target=\"_blank\" rel=\"noopener\" data-saferedirecturl=\"https:\/\/www.google.com\/url?q=https:\/\/ufsb.edu.br\/images\/Noticias\/documentos_CEC_covid-19\/Observat%25C3%25B3rio_Boletim_07.pdf&amp;source=gmail&amp;ust=1589402104221000&amp;usg=AFQjCNHPd6020uBhbxvPkrVZgIXVMQDIEQ\">Boletim n\u00ba 07 do Observat\u00f3rio da Epidemia do Novo Coronav\u00edrus no Sul da Bahia<\/a><\/strong><\/p>\n<p>&nbsp;<\/p>\n","protected":false},"excerpt":{"rendered":"<p>O Comit\u00ea Emergencial de Crise da Pandemia de Covid-19 da Universidade Federal do Sul da Bahia-UFSB publicou o\u00a0s\u00e9timo boletim do Observat\u00f3rio da Epidemia do Novo Coronav\u00edrus no Sul da Bahia. A edi\u00e7\u00e3o analisa os desenvolvimentos relativos ao per\u00edodo de 02 a 08 de maio de 2020 e abrange os territ\u00f3rios do Sul e Extremo Sul [&hellip;]<\/p>\n","protected":false},"author":2,"featured_media":0,"comment_status":"open","ping_status":"open","sticky":false,"template":"","format":"standard","meta":{"_links_to":"","_links_to_target":""},"categories":[1],"tags":[27202,233],"_links":{"self":[{"href":"https:\/\/www.blogdothame.blog.br\/v1\/wp-json\/wp\/v2\/posts\/101914"}],"collection":[{"href":"https:\/\/www.blogdothame.blog.br\/v1\/wp-json\/wp\/v2\/posts"}],"about":[{"href":"https:\/\/www.blogdothame.blog.br\/v1\/wp-json\/wp\/v2\/types\/post"}],"author":[{"embeddable":true,"href":"https:\/\/www.blogdothame.blog.br\/v1\/wp-json\/wp\/v2\/users\/2"}],"replies":[{"embeddable":true,"href":"https:\/\/www.blogdothame.blog.br\/v1\/wp-json\/wp\/v2\/comments?post=101914"}],"version-history":[{"count":3,"href":"https:\/\/www.blogdothame.blog.br\/v1\/wp-json\/wp\/v2\/posts\/101914\/revisions"}],"predecessor-version":[{"id":101917,"href":"https:\/\/www.blogdothame.blog.br\/v1\/wp-json\/wp\/v2\/posts\/101914\/revisions\/101917"}],"wp:attachment":[{"href":"https:\/\/www.blogdothame.blog.br\/v1\/wp-json\/wp\/v2\/media?parent=101914"}],"wp:term":[{"taxonomy":"category","embeddable":true,"href":"https:\/\/www.blogdothame.blog.br\/v1\/wp-json\/wp\/v2\/categories?post=101914"},{"taxonomy":"post_tag","embeddable":true,"href":"https:\/\/www.blogdothame.blog.br\/v1\/wp-json\/wp\/v2\/tags?post=101914"}],"curies":[{"name":"wp","href":"https:\/\/api.w.org\/{rel}","templated":true}]}}