{"id":101786,"date":"2020-05-07T18:45:33","date_gmt":"2020-05-07T21:45:33","guid":{"rendered":"http:\/\/www.blogdothame.blog.br\/v1\/?p=101786"},"modified":"2020-05-07T18:45:33","modified_gmt":"2020-05-07T21:45:33","slug":"rui-anuncia-bolsa-de-500-reais-para-pacientes-de-covid-que-ficarem-em-centros-de-acolhimento","status":"publish","type":"post","link":"https:\/\/www.blogdothame.blog.br\/v1\/2020\/05\/07\/rui-anuncia-bolsa-de-500-reais-para-pacientes-de-covid-que-ficarem-em-centros-de-acolhimento\/","title":{"rendered":"Rui anuncia bolsa de 500 reais para pacientes de Covid que ficarem em centros de acolhimento"},"content":{"rendered":"<p><img loading=\"lazy\" class=\"alignleft size-medium wp-image-101787\" src=\"http:\/\/www.blogdothame.blog.br\/v1\/wp-content\/uploads\/2020\/05\/9515A84E-8B41-471A-B698-D50B713539A7-300x200.jpeg\" alt=\"9515A84E-8B41-471A-B698-D50B713539A7\" width=\"300\" height=\"200\" srcset=\"https:\/\/www.blogdothame.blog.br\/v1\/wp-content\/uploads\/2020\/05\/9515A84E-8B41-471A-B698-D50B713539A7-300x200.jpeg 300w, https:\/\/www.blogdothame.blog.br\/v1\/wp-content\/uploads\/2020\/05\/9515A84E-8B41-471A-B698-D50B713539A7-1024x682.jpeg 1024w, https:\/\/www.blogdothame.blog.br\/v1\/wp-content\/uploads\/2020\/05\/9515A84E-8B41-471A-B698-D50B713539A7.jpeg 1280w\" sizes=\"(max-width: 300px) 100vw, 300px\" \/><\/p>\n<p>O governo estadual vai enviar para aprova\u00e7\u00e3o da Assembleia Legislativa da Bahia (Alba) um projeto de lei que prev\u00ea o pagamento de uma bolsa de R$ 500 a pessoas com sintomas leves da Covid-19 e que concordarem em sair de casa para ir para centros de acolhimento. A novidade foi anunciada durante entrevista coletiva do governador Rui Costa e do prefeito de Salvador, ACM Neto, na tarde desta quinta-feira (7).<\/p>\n<p>O governador lembrou que, na Bahia, as medidas de restri\u00e7\u00e3o de conv\u00edvio social foram adotadas de modo progressivo, de acordo com a realidade de cada munic\u00edpio, sempre ajustando as a\u00e7\u00f5es com o poder p\u00fablico local. \u201cNa Bahia, s\u00e3o tr\u00eas mil pessoas com v\u00edrus ativo, que ainda n\u00e3o est\u00e3o curadas e t\u00eam grande potencial de transmiss\u00e3o. Tentando garantir que essas pessoas n\u00e3o est\u00e3o contaminando outras, nos veio a ideia de pagar a bolsa de R$ 500, al\u00e9m de duas cestas b\u00e1sicas e assist\u00eancia m\u00e9dica que j\u00e1 eram ofertadas antes. O projeto de lei deve ser enviado para Assembleia Legislativa ainda nesta semana e determinar\u00e1 um limite de mil pessoas por cidade ou de acordo com um teto com base nos casos ativos registrados\u201d, explicou.<\/p>\n<p>Rui apresentou a ideia a ACM Neto na manh\u00e3 desta quinta-feira (7) e Salvador ser\u00e1 a primeira cidade a participar do projeto. \u201cEm Salvador, abrimos dois centros de acolhimento e monitoramento do quadro cl\u00ednico, um pr\u00f3ximo ao Parque de Exposi\u00e7\u00f5es e outro em um pr\u00e9dio no Rio Vermelho, que est\u00e3o com baixa ades\u00e3o. O Estado vai arcar com R$ 250 e a Prefeitura com os outros R$ 250, e os interessados dever\u00e3o ocupar as vagas j\u00e1 existentes. Vale lembrar que metade do valor ser\u00e1 paga no s\u00e9timo dia de isolamento e a outra metade no 14\u00ba dia\u201d, detalhou o governador.<\/p>\n<p>ACM Neto disse que concordou em participar da iniciativa com o objetivo de reduzir a taxa de transmiss\u00e3o de novos casos de cont\u00e1gio na capital. \u201cLogo pela manh\u00e3, quando tratamos do assunto, concordei que a Prefeitura participe do programa e arque com metade desta bolsa, ou seja, R$ 250 de Salvador e R$ 250 do Estado. Esse projeto pensado pelo Estado conversa com as medidas de isolamento social e de restri\u00e7\u00e3o \u00e0s atividades implementadas para conter a propaga\u00e7\u00e3o do v\u00edrus em uma cidade da magnitude de Salvador\u201d, lembrou o gestor municipal.<\/p>\n<p>*Bairros bloqueados*<\/p>\n<p>Durante a coletiva, o prefeito de Salvador tamb\u00e9m informou medidas restritivas mais amplas em tr\u00eas bairros da capital a partir deste s\u00e1bado (9): Boca do Rio, Plataforma e o Centro, na regi\u00e3o da Avenida Joana Ang\u00e9lica. Essas \u00e1reas t\u00eam apresentado novos casos com maior velocidade e uma rotina de circula\u00e7\u00e3o de ve\u00edculos e pessoas semelhante \u00e0 presenciada em um dia normal, de acordo com ACM Neto.<\/p>\n<p>O prefeito alerta que isto n\u00e3o implica no famoso &#8220;lockdown&#8221;, j\u00e1 que as pessoas n\u00e3o ficar\u00e3o impedidas de sair de casa e isso n\u00e3o \u00e9 algo que \u00e9 cogitado neste momento. Rui e ACM Neto informaram tamb\u00e9m que n\u00e3o haver\u00e1 altera\u00e7\u00e3o nas rotas do transporte p\u00fablico e que moradores, mediante apresenta\u00e7\u00e3o do comprovante de resid\u00eancia, ter\u00e3o total acesso aos bairros e \u00e0s respectivas resid\u00eancias.<\/p>\n<p>*_Rep\u00f3rter: Renata Preza_*<\/p>\n","protected":false},"excerpt":{"rendered":"<p>O governo estadual vai enviar para aprova\u00e7\u00e3o da Assembleia Legislativa da Bahia (Alba) um projeto de lei que prev\u00ea o pagamento de uma bolsa de R$ 500 a pessoas com sintomas leves da Covid-19 e que concordarem em sair de casa para ir para centros de acolhimento. A novidade foi anunciada durante entrevista coletiva do [&hellip;]<\/p>\n","protected":false},"author":2,"featured_media":0,"comment_status":"open","ping_status":"open","sticky":false,"template":"","format":"standard","meta":{"_links_to":"","_links_to_target":""},"categories":[1],"tags":[],"_links":{"self":[{"href":"https:\/\/www.blogdothame.blog.br\/v1\/wp-json\/wp\/v2\/posts\/101786"}],"collection":[{"href":"https:\/\/www.blogdothame.blog.br\/v1\/wp-json\/wp\/v2\/posts"}],"about":[{"href":"https:\/\/www.blogdothame.blog.br\/v1\/wp-json\/wp\/v2\/types\/post"}],"author":[{"embeddable":true,"href":"https:\/\/www.blogdothame.blog.br\/v1\/wp-json\/wp\/v2\/users\/2"}],"replies":[{"embeddable":true,"href":"https:\/\/www.blogdothame.blog.br\/v1\/wp-json\/wp\/v2\/comments?post=101786"}],"version-history":[{"count":1,"href":"https:\/\/www.blogdothame.blog.br\/v1\/wp-json\/wp\/v2\/posts\/101786\/revisions"}],"predecessor-version":[{"id":101788,"href":"https:\/\/www.blogdothame.blog.br\/v1\/wp-json\/wp\/v2\/posts\/101786\/revisions\/101788"}],"wp:attachment":[{"href":"https:\/\/www.blogdothame.blog.br\/v1\/wp-json\/wp\/v2\/media?parent=101786"}],"wp:term":[{"taxonomy":"category","embeddable":true,"href":"https:\/\/www.blogdothame.blog.br\/v1\/wp-json\/wp\/v2\/categories?post=101786"},{"taxonomy":"post_tag","embeddable":true,"href":"https:\/\/www.blogdothame.blog.br\/v1\/wp-json\/wp\/v2\/tags?post=101786"}],"curies":[{"name":"wp","href":"https:\/\/api.w.org\/{rel}","templated":true}]}}