{"id":101765,"date":"2020-05-07T09:08:52","date_gmt":"2020-05-07T12:08:52","guid":{"rendered":"http:\/\/www.blogdothame.blog.br\/v1\/?p=101765"},"modified":"2020-05-07T09:08:52","modified_gmt":"2020-05-07T12:08:52","slug":"governo-do-estado-reforca-enfrentamento-ao-coronavirus-com-mais-de-26-mil-leitos","status":"publish","type":"post","link":"https:\/\/www.blogdothame.blog.br\/v1\/2020\/05\/07\/governo-do-estado-reforca-enfrentamento-ao-coronavirus-com-mais-de-26-mil-leitos\/","title":{"rendered":"Governo do Estado refor\u00e7a enfrentamento ao coronav\u00edrus com mais de 2,6 mil leitos"},"content":{"rendered":"<p><img loading=\"lazy\" class=\"alignright size-medium wp-image-101672\" src=\"http:\/\/www.blogdothame.blog.br\/v1\/wp-content\/uploads\/2020\/05\/vco-300x225.jpg\" alt=\"vco\" width=\"300\" height=\"225\" srcset=\"https:\/\/www.blogdothame.blog.br\/v1\/wp-content\/uploads\/2020\/05\/vco-300x225.jpg 300w, https:\/\/www.blogdothame.blog.br\/v1\/wp-content\/uploads\/2020\/05\/vco-1024x768.jpg 1024w, https:\/\/www.blogdothame.blog.br\/v1\/wp-content\/uploads\/2020\/05\/vco.jpg 1280w\" sizes=\"(max-width: 300px) 100vw, 300px\" \/>Desde o primeiro caso confirmado de coronav\u00edrus na Bahia, h\u00e1 cerca de dois meses, o Governo do Estado tomou diversas medidas para conter as taxas de transmiss\u00e3o da doen\u00e7a, como a suspens\u00e3o das aulas da rede estadual de ensino e restri\u00e7\u00f5es no transporte intermunicipal. Uma estrutura com 2.685 leitos de refer\u00eancia entre cl\u00ednicos e UTIs, adultos e pedi\u00e1tricos, est\u00e1 sendo implantada para o atendimento de baianos infectados pelo v\u00edrus. &#8220;N\u00f3s utilizaremos o recurso que for necess\u00e1rio para garantir a vida das pessoas que estiverem precisando de atendimento&#8221;, afirma o governador Rui Costa.<\/p>\n<p>Segundo o \u00faltimo boletim divulgado pela Secretaria da Sa\u00fade (Sesab), o estado registra 4.301 casos confirmados da doen\u00e7a, com 918 pacientes recuperados e 160 \u00f3bitos. De acordo com o titular da pasta, F\u00e1bio Vilas-Boas, as medidas tomadas pelo governo t\u00eam contribu\u00eddo para impedir o colapso do sistema de sa\u00fade baiano.<\/p>\n<p>&#8220;A Bahia come\u00e7ou a se preparar ainda em janeiro. Estamos aumentando nossa capacidade de atendimento com novos leitos, o que vai fazer com que ven\u00e7amos esse m\u00eas de maio e possamos atravessar junho com mais tranquilidade&#8221;, destaca o secret\u00e1rio.<\/p>\n<p>Para auxiliar no enfrentamento ao novo coronav\u00edrus, 350 novos respiradores foram comprados pelo Governo do Estado para tratar pacientes diagnosticados. Os equipamentos ser\u00e3o distribu\u00eddos pelos munic\u00edpios baianos assim que chegarem \u00e0 capital baiana<\/p>\n<p>Estrutura<\/p>\n<p>A estrutura que est\u00e1 sendo implantada pelo Governo do Estado disp\u00f5e de 1.428 leitos na capital e 1.257 leitos no interior. No sul da Bahia, regi\u00e3o mais afetada pela pandemia com mais de 500 casos confirmados, uma unidade de atendimento Covid-19 foi inaugurada no Centro de Conven\u00e7\u00f5es de Ilh\u00e9us, se somando aos Hospitais da Costa do Cacau e ao Hospital de Ilh\u00e9us, totalizando 150 leitos de UTI. Al\u00e9m disso, a cidade aguarda o credenciamento de mais 13 leitos no Hospital S\u00e3o Jos\u00e9 e outros 30 na montagem de um hospital de campanha.<\/p>\n<p><!--more--><\/p>\n<p>Em Itabuna, est\u00e3o sendo oferecidos 40 leitos no Hospital Calixto Midlej, 13 leitos infantis no Hospital Manuel Novaes. Mais 48 leitos est\u00e3o sendo implantados no Hospital de Base Luis Eduardo Magalh\u00e3es.<\/p>\n<p>Na regi\u00e3o sudoeste, o Governo do Estado contratou 40 leitos do Hospital das Cl\u00ednicas (HCC), em Vit\u00f3ria da Conquista, para atendimento de pessoas contaminadas, duplicando a capacidade da estrutura j\u00e1 oferecida para o atendimento da regi\u00e3o, com 41 leitos no Hospital Geral de Vit\u00f3ria da Conquista (HGVC) e outros seis no Hospital Geral de Guanambi (HGG). Em Barreiras, o Hospital do Oeste ir\u00e1 atender os pacientes da regi\u00e3o com 60 leitos, sendo 50 de UTI.<\/p>\n<p>Na regi\u00e3o metropolitana, Lauro de Freitas disp\u00f5e de 301 vagas, sendo 91 UTIs. A maior contribui\u00e7\u00e3o ser\u00e1 do Hospital Metropolitano, cuja abertura ser\u00e1 ainda nesse m\u00eas, com 191 leitos. O munic\u00edpio de Feira de Santana totaliza 160 vagas, que estar\u00e3o distribu\u00eddas entre o Hospital da Crian\u00e7a, o Hospital Geral Cl\u00e9riston Andrade (HGCA) e o Hospital Mater Dei. J\u00e1 em Seabra, o Hospital Regional da Chapada est\u00e1 dedicando 37 leitos, sendo quatro UTIs e 33 leitos cl\u00ednicos. A lista completa de cidades e unidades de refer\u00eancia est\u00e1 dispon\u00edvel no site da Sesab.<\/p>\n<p>Somam-se \u00e0 estrutura 285 leitos para atender pacientes de baixa complexidade, que n\u00e3o tenham coronav\u00edrus. As unidades localizadas na capital baiana e em S\u00e3o F\u00e9lix s\u00e3o fundamentais para absorver os pacientes dos hospitais gerais. As unidades somente receber\u00e3o pacientes regulados pela Central Estadual de Regula\u00e7\u00e3o.<\/p>\n<p>Pronto Atendimento<\/p>\n<p>Os baianos tamb\u00e9m contam com 70 Unidades de Pronto Atendimento (UPAs) em todo o estado voltadas para a classifica\u00e7\u00e3o, manejo cl\u00ednico, estabiliza\u00e7\u00e3o do paciente e, caso necess\u00e1rio, regula\u00e7\u00e3o para unidades de maior complexidade.<\/p>\n<p>EPIs<\/p>\n<p>O governo t\u00eam se esfor\u00e7ado para garantir a quantidade necess\u00e1ria de equipamentos de prote\u00e7\u00e3o individual (EPIs) para os profissionais de sa\u00fade. Atualmente, o Estado mant\u00e9m em estoque 879 mil luvas, mais de 922 mil m\u00e1scaras cir\u00fargicas e 300 mil unidades da m\u00e1scara N95. Al\u00e9m disso, o governo adquiriu 32 milh\u00f5es de luvas, nove milh\u00f5es de m\u00e1scaras cir\u00fargicas e um milh\u00e3o de m\u00e1scaras do tipo N95, o que s\u00e3o suficientes para atender a demanda por at\u00e9 seis meses.<\/p>\n","protected":false},"excerpt":{"rendered":"<p>Desde o primeiro caso confirmado de coronav\u00edrus na Bahia, h\u00e1 cerca de dois meses, o Governo do Estado tomou diversas medidas para conter as taxas de transmiss\u00e3o da doen\u00e7a, como a suspens\u00e3o das aulas da rede estadual de ensino e restri\u00e7\u00f5es no transporte intermunicipal. Uma estrutura com 2.685 leitos de refer\u00eancia entre cl\u00ednicos e UTIs, [&hellip;]<\/p>\n","protected":false},"author":2,"featured_media":0,"comment_status":"open","ping_status":"open","sticky":false,"template":"","format":"standard","meta":{"_links_to":"","_links_to_target":""},"categories":[1],"tags":[26839,16,12439],"_links":{"self":[{"href":"https:\/\/www.blogdothame.blog.br\/v1\/wp-json\/wp\/v2\/posts\/101765"}],"collection":[{"href":"https:\/\/www.blogdothame.blog.br\/v1\/wp-json\/wp\/v2\/posts"}],"about":[{"href":"https:\/\/www.blogdothame.blog.br\/v1\/wp-json\/wp\/v2\/types\/post"}],"author":[{"embeddable":true,"href":"https:\/\/www.blogdothame.blog.br\/v1\/wp-json\/wp\/v2\/users\/2"}],"replies":[{"embeddable":true,"href":"https:\/\/www.blogdothame.blog.br\/v1\/wp-json\/wp\/v2\/comments?post=101765"}],"version-history":[{"count":1,"href":"https:\/\/www.blogdothame.blog.br\/v1\/wp-json\/wp\/v2\/posts\/101765\/revisions"}],"predecessor-version":[{"id":101766,"href":"https:\/\/www.blogdothame.blog.br\/v1\/wp-json\/wp\/v2\/posts\/101765\/revisions\/101766"}],"wp:attachment":[{"href":"https:\/\/www.blogdothame.blog.br\/v1\/wp-json\/wp\/v2\/media?parent=101765"}],"wp:term":[{"taxonomy":"category","embeddable":true,"href":"https:\/\/www.blogdothame.blog.br\/v1\/wp-json\/wp\/v2\/categories?post=101765"},{"taxonomy":"post_tag","embeddable":true,"href":"https:\/\/www.blogdothame.blog.br\/v1\/wp-json\/wp\/v2\/tags?post=101765"}],"curies":[{"name":"wp","href":"https:\/\/api.w.org\/{rel}","templated":true}]}}