{"id":101739,"date":"2020-05-06T15:30:18","date_gmt":"2020-05-06T18:30:18","guid":{"rendered":"http:\/\/www.blogdothame.blog.br\/v1\/?p=101739"},"modified":"2020-05-06T16:49:41","modified_gmt":"2020-05-06T19:49:41","slug":"prefeitura-de-buerarema-amplia-restricoes-de-funcionamento-do-comercio","status":"publish","type":"post","link":"https:\/\/www.blogdothame.blog.br\/v1\/2020\/05\/06\/prefeitura-de-buerarema-amplia-restricoes-de-funcionamento-do-comercio\/","title":{"rendered":"Prefeitura de Buerarema amplia restri\u00e7\u00f5es de funcionamento do com\u00e9rcio"},"content":{"rendered":"<p><img loading=\"lazy\" class=\"alignright size-medium wp-image-101742\" src=\"http:\/\/www.blogdothame.blog.br\/v1\/wp-content\/uploads\/2020\/05\/BUERAREMA-FOTOS-PRA\u00c7A-E-PAULO-PORTELA-1-300x225.jpeg\" alt=\"BUERAREMA - FOTOS PRA\u00c7A E PAULO PORTELA (1)\" width=\"300\" height=\"225\" srcset=\"https:\/\/www.blogdothame.blog.br\/v1\/wp-content\/uploads\/2020\/05\/BUERAREMA-FOTOS-PRA\u00c7A-E-PAULO-PORTELA-1-300x225.jpeg 300w, https:\/\/www.blogdothame.blog.br\/v1\/wp-content\/uploads\/2020\/05\/BUERAREMA-FOTOS-PRA\u00c7A-E-PAULO-PORTELA-1-1024x768.jpeg 1024w, https:\/\/www.blogdothame.blog.br\/v1\/wp-content\/uploads\/2020\/05\/BUERAREMA-FOTOS-PRA\u00c7A-E-PAULO-PORTELA-1.jpeg 1280w\" sizes=\"(max-width: 300px) 100vw, 300px\" \/><\/p>\n<p>Como medida tempor\u00e1ria e emergencial de preven\u00e7\u00e3o de cont\u00e1gio pelo COVID-19, a Prefeitura de Buerarema suspendeu o funcionamento dos estabelecimentos comerciais n\u00e3o essenciais por sete dias, com limite de perman\u00eancia simult\u00e2nea de no m\u00e1ximo quatro clientes por m\u00b2. O decreto tem \u00a0vig\u00eancia a partir desta quarta-feira (06).<\/p>\n<p>Os estabelecimentos tipo delivery poder\u00e3o permanecer em funcionamento seguindo as determina\u00e7\u00f5es do decreto regulamentador do com\u00e9rcio, com apenas uma das postas abertas pra pedidos e pagamentos. Os bares e academias tamb\u00e9m ter\u00e3o o funcionamento suspenso.<\/p>\n<p><!--more--><\/p>\n<p>O decreto tamb\u00e9m altera o hor\u00e1rio de funcionamento das farm\u00e1cias, estendido de 20h para \u00e0s 22h e mant\u00e9m a suspens\u00e3o dos eventos de qualquer natureza que re\u00fana 30 pessoas ou mais e necessite da autoriza\u00e7\u00e3o do Poder P\u00fablico.<\/p>\n<p>As medidas poder\u00e3o sofrer altera\u00e7\u00f5es, ajustes ou revoga\u00e7\u00f5es, podendo ser prorrogados os prazos mencionados, de acordo com a diretrizes emitidas pela Organiza\u00e7\u00e3o Mundial de Sa\u00fade.<\/p>\n<p>&nbsp;<\/p>\n","protected":false},"excerpt":{"rendered":"<p>Como medida tempor\u00e1ria e emergencial de preven\u00e7\u00e3o de cont\u00e1gio pelo COVID-19, a Prefeitura de Buerarema suspendeu o funcionamento dos estabelecimentos comerciais n\u00e3o essenciais por sete dias, com limite de perman\u00eancia simult\u00e2nea de no m\u00e1ximo quatro clientes por m\u00b2. O decreto tem \u00a0vig\u00eancia a partir desta quarta-feira (06). Os estabelecimentos tipo delivery poder\u00e3o permanecer em funcionamento [&hellip;]<\/p>\n","protected":false},"author":2,"featured_media":0,"comment_status":"open","ping_status":"open","sticky":false,"template":"","format":"standard","meta":{"_links_to":"","_links_to_target":""},"categories":[1],"tags":[22191,27164],"_links":{"self":[{"href":"https:\/\/www.blogdothame.blog.br\/v1\/wp-json\/wp\/v2\/posts\/101739"}],"collection":[{"href":"https:\/\/www.blogdothame.blog.br\/v1\/wp-json\/wp\/v2\/posts"}],"about":[{"href":"https:\/\/www.blogdothame.blog.br\/v1\/wp-json\/wp\/v2\/types\/post"}],"author":[{"embeddable":true,"href":"https:\/\/www.blogdothame.blog.br\/v1\/wp-json\/wp\/v2\/users\/2"}],"replies":[{"embeddable":true,"href":"https:\/\/www.blogdothame.blog.br\/v1\/wp-json\/wp\/v2\/comments?post=101739"}],"version-history":[{"count":3,"href":"https:\/\/www.blogdothame.blog.br\/v1\/wp-json\/wp\/v2\/posts\/101739\/revisions"}],"predecessor-version":[{"id":101743,"href":"https:\/\/www.blogdothame.blog.br\/v1\/wp-json\/wp\/v2\/posts\/101739\/revisions\/101743"}],"wp:attachment":[{"href":"https:\/\/www.blogdothame.blog.br\/v1\/wp-json\/wp\/v2\/media?parent=101739"}],"wp:term":[{"taxonomy":"category","embeddable":true,"href":"https:\/\/www.blogdothame.blog.br\/v1\/wp-json\/wp\/v2\/categories?post=101739"},{"taxonomy":"post_tag","embeddable":true,"href":"https:\/\/www.blogdothame.blog.br\/v1\/wp-json\/wp\/v2\/tags?post=101739"}],"curies":[{"name":"wp","href":"https:\/\/api.w.org\/{rel}","templated":true}]}}