{"id":101691,"date":"2020-05-05T14:54:48","date_gmt":"2020-05-05T17:54:48","guid":{"rendered":"http:\/\/www.blogdothame.blog.br\/v1\/?p=101691"},"modified":"2020-05-05T14:56:12","modified_gmt":"2020-05-05T17:56:12","slug":"hospital-regional-costa-do-cacau-abre-20-leitos-exclusivos-para-covid-19-e-ja-conta-com-tunel-de-desinfeccao","status":"publish","type":"post","link":"https:\/\/www.blogdothame.blog.br\/v1\/2020\/05\/05\/hospital-regional-costa-do-cacau-abre-20-leitos-exclusivos-para-covid-19-e-ja-conta-com-tunel-de-desinfeccao\/","title":{"rendered":"Hospital Regional Costa do Cacau abre 20 leitos exclusivos para covid-19 e j\u00e1 conta com t\u00fanel de desinfec\u00e7\u00e3o"},"content":{"rendered":"<p><img loading=\"lazy\" class=\"aligncenter size-medium wp-image-101692\" src=\"http:\/\/www.blogdothame.blog.br\/v1\/wp-content\/uploads\/2020\/05\/hrcc-300x169.jpg\" alt=\"hrcc\" width=\"300\" height=\"169\" srcset=\"https:\/\/www.blogdothame.blog.br\/v1\/wp-content\/uploads\/2020\/05\/hrcc-300x169.jpg 300w, https:\/\/www.blogdothame.blog.br\/v1\/wp-content\/uploads\/2020\/05\/hrcc-1024x576.jpg 1024w, https:\/\/www.blogdothame.blog.br\/v1\/wp-content\/uploads\/2020\/05\/hrcc.jpg 1280w\" sizes=\"(max-width: 300px) 100vw, 300px\" \/><\/p>\n<p>A nova ala organizada pelo Hospital Regional Costa do Cacau (HRCC), em Ilh\u00e9us, exclusiva para atendimento a pacientes contaminados pelo novo coronav\u00edrus (covid-19), abre a partir desta quarta-feira (06), 20 leitos hospitalares, sendo dez de Unidade de Terapia Intensiva (UTI) e outros dez de enfermaria para cuidar das pessoas acometidas pela doen\u00e7a.<br \/>\n<img loading=\"lazy\" class=\"alignright size-medium wp-image-101693\" src=\"http:\/\/www.blogdothame.blog.br\/v1\/wp-content\/uploads\/2020\/05\/hrcc-2-300x169.jpg\" alt=\"hrcc 2\" width=\"300\" height=\"169\" srcset=\"https:\/\/www.blogdothame.blog.br\/v1\/wp-content\/uploads\/2020\/05\/hrcc-2-300x169.jpg 300w, https:\/\/www.blogdothame.blog.br\/v1\/wp-content\/uploads\/2020\/05\/hrcc-2-1024x576.jpg 1024w, https:\/\/www.blogdothame.blog.br\/v1\/wp-content\/uploads\/2020\/05\/hrcc-2.jpg 1280w\" sizes=\"(max-width: 300px) 100vw, 300px\" \/>A abertura dessa estrutura no HRCC para atender esses enfermos segue uma determina\u00e7\u00e3o do governo estadual, por meio da Secretaria de Sa\u00fade do Estado Bahia (Sesab), como parte da estrat\u00e9gia de combate a covid-19 no sul da Bahia. &#8220;O Governo do Estado tem feito tudo o que est\u00e1 ao seu alcance para dotar a regi\u00e3o sul de leitos exclusivos para covid-19 &#8211; ambulatoriais e de UTI. O objetivo \u00e9 prestar o melhor atendimento \u00e0 popula\u00e7\u00e3o. Mas \u00e9 importante que as pessoas fa\u00e7am a sua parte e fiquem em isolamento social, que \u00e9 o melhor m\u00e9todo para conter o avan\u00e7o da doen\u00e7a, utilizado no mundo inteiro. O recado \u00e9 um s\u00f3: fique em casa\u201d, disse o secret\u00e1rio de Sa\u00fade da Bahia F\u00e1bio Vilas-Boas.<br \/>\nA unidade hospitalar abriu 20 leitos neste momento, mas sua estrutura est\u00e1 programada para a abertura de mais 20 leitos de UTI e oito de enfermaria, no total. A previs\u00e3o que \u00e9 a unidade do HRCC para atendimento da covid-19 tenha 48 leitos hospitalares. Esses pacientes chegar\u00e3o \u00e0 unidade por meio do Sistema de Regula\u00e7\u00e3o da Sesab.<br \/>\nO HRCC passar a ter dois hospitais no mesmo endere\u00e7o, um para atendimento exclusivo dos pacientes acometidos pelo novo coronav\u00edrus. Inclusive, todo o fluxo de funcion\u00e1rios seguir\u00e1 um r\u00edgido controle de acesso, com a disponibiliza\u00e7\u00e3o de banheiros espec\u00edficos para higieniza\u00e7\u00e3o, coloca\u00e7\u00e3o e retirada de Equipamentos de Prote\u00e7\u00e3o Individual (EPIs).<\/p>\n<p>&nbsp;<\/p>\n<p><!--more--><br \/>\nOutra ferramenta importante para o combate a propaga\u00e7\u00e3o do coronav\u00edrus j\u00e1 est\u00e1 instalada, que \u00e9 a c\u00e2mara de desinfec\u00e7\u00e3o produzida por alunos do Senai Cimatec. Esse equipamento tem uma estrutura de alum\u00ednio, que forma um corredor de 2,5m, com tubula\u00e7\u00e3o que pulveriza hipoclorito de s\u00f3dio no profissional que teve contato com enfermo, diminuindo o risco de contamina\u00e7\u00e3o no momento da troca de roupa.<br \/>\nDe acordo com m\u00e9dico Almir Gon\u00e7alves, diretor assistencial do HRCC, o funcionamento da ala exclusiva para atendimento aos pacientes da Covid-19, diminui exponencialmente o risco de contamina\u00e7\u00e3o cruzada no ambiente hospitalar. \u201cCom essas estruturas separadas, ao mesmo tempo em que disponibilizaremos um tratamento especial e direcionado para o acometido pelo novo coronav\u00edrus, n\u00f3s estaremos tamb\u00e9m resguardando a vida dos pacientes de outras patologias em nosso ambiente para tratamento de outras doen\u00e7as\u201d, concluiu.<br \/>\nO encarregado administrativo do Servi\u00e7o de Atendimento ao Cliente, (SAC) Wanderson Arag\u00e3o destaca a import\u00e2ncia dos investimentos realizados pelo Governo da Bahia e assegura que todas as medidas de preven\u00e7\u00e3o est\u00e3o sendo adotadas pela dire\u00e7\u00e3o do hospital, como: realiza\u00e7\u00e3o de treiamentos, orienta\u00e7\u00f5es, e entrega dos equipamentos de prote\u00e7\u00e3o individual \u2013 EPI\u2019S.<br \/>\n\u201cA dire\u00e7\u00e3o do hospital est\u00e1 adotando todas as medidas preventivas de forma consciente e expressiva no combate ao covid-19 e agora com o funcionamento do t\u00fanel de desinfec\u00e7\u00e3o \u00e9 de grande valia para nossa prote\u00e7\u00e3o individual enquanto profissionais, como tamb\u00e9m para os pacientes, e quero lembrar tamb\u00e9m que com a desinfec\u00e7\u00e3o proporcionada pelo t\u00fanel, todos n\u00f3s vamos nossa casa com mais seguran\u00e7a, protegendo assim, nossa fam\u00edlia e a popula\u00e7\u00e3o em geral\u201d, afirmou.<br \/>\nA enfermeira Diovania concei\u00e7\u00e3o de Oliveira Braga afirma que todos est\u00e3o enfrentando um grande desafio com covid-19 e felizmente vem surgindo inova\u00e7\u00f5es que ajudam a refor\u00e7ar as medidas de preven\u00e7\u00e3o como \u00e9 o caso do t\u00fanel de desinfe\u00e7\u00e3o.<br \/>\n\u201cO t\u00fanel refor\u00e7a a higieniza\u00e7\u00e3o e prote\u00e7\u00e3o dos colaboradores que circulam pelo setor, saliento que n\u00e3o podemos descuidar das orienta\u00e7\u00f5es do Minist\u00e9rio da Sa\u00fade para evitar a dissemina\u00e7\u00e3o do novo coronav\u00edrus. Desta maneira refor\u00e7aremos a seguran\u00e7a dos funcion\u00e1rios. Todas as medidas de preven\u00e7\u00e3o foram tomadas pela institui\u00e7\u00e3o mediante a entrega e utiliza\u00e7\u00e3o dos EPIs adequados para os nossos colaboradores paralelo \u00e0s orienta\u00e7\u00f5es e treinamentos adequado quanto ao uso dos mesmos que foram ministrados pela enfermeira do N\u00facleo de Educa\u00e7\u00e3o Permanente, Maria Am\u00e9lia Lapa, com apoio das coordena\u00e7\u00f5es de Enfermagem dos setores\u201d, garantiu.<\/p>\n","protected":false},"excerpt":{"rendered":"<p>A nova ala organizada pelo Hospital Regional Costa do Cacau (HRCC), em Ilh\u00e9us, exclusiva para atendimento a pacientes contaminados pelo novo coronav\u00edrus (covid-19), abre a partir desta quarta-feira (06), 20 leitos hospitalares, sendo dez de Unidade de Terapia Intensiva (UTI) e outros dez de enfermaria para cuidar das pessoas acometidas pela doen\u00e7a. A abertura dessa [&hellip;]<\/p>\n","protected":false},"author":2,"featured_media":0,"comment_status":"open","ping_status":"open","sticky":false,"template":"","format":"standard","meta":{"_links_to":"","_links_to_target":""},"categories":[1],"tags":[26839,9774,13334],"_links":{"self":[{"href":"https:\/\/www.blogdothame.blog.br\/v1\/wp-json\/wp\/v2\/posts\/101691"}],"collection":[{"href":"https:\/\/www.blogdothame.blog.br\/v1\/wp-json\/wp\/v2\/posts"}],"about":[{"href":"https:\/\/www.blogdothame.blog.br\/v1\/wp-json\/wp\/v2\/types\/post"}],"author":[{"embeddable":true,"href":"https:\/\/www.blogdothame.blog.br\/v1\/wp-json\/wp\/v2\/users\/2"}],"replies":[{"embeddable":true,"href":"https:\/\/www.blogdothame.blog.br\/v1\/wp-json\/wp\/v2\/comments?post=101691"}],"version-history":[{"count":1,"href":"https:\/\/www.blogdothame.blog.br\/v1\/wp-json\/wp\/v2\/posts\/101691\/revisions"}],"predecessor-version":[{"id":101694,"href":"https:\/\/www.blogdothame.blog.br\/v1\/wp-json\/wp\/v2\/posts\/101691\/revisions\/101694"}],"wp:attachment":[{"href":"https:\/\/www.blogdothame.blog.br\/v1\/wp-json\/wp\/v2\/media?parent=101691"}],"wp:term":[{"taxonomy":"category","embeddable":true,"href":"https:\/\/www.blogdothame.blog.br\/v1\/wp-json\/wp\/v2\/categories?post=101691"},{"taxonomy":"post_tag","embeddable":true,"href":"https:\/\/www.blogdothame.blog.br\/v1\/wp-json\/wp\/v2\/tags?post=101691"}],"curies":[{"name":"wp","href":"https:\/\/api.w.org\/{rel}","templated":true}]}}