{"id":101661,"date":"2020-05-04T20:14:47","date_gmt":"2020-05-04T23:14:47","guid":{"rendered":"http:\/\/www.blogdothame.blog.br\/v1\/?p=101661"},"modified":"2020-05-04T20:15:04","modified_gmt":"2020-05-04T23:15:04","slug":"governador-da-bahia-encaminha-projeto-de-lei-a-assembleia-legislativa-para-combater-fake-news","status":"publish","type":"post","link":"https:\/\/www.blogdothame.blog.br\/v1\/2020\/05\/04\/governador-da-bahia-encaminha-projeto-de-lei-a-assembleia-legislativa-para-combater-fake-news\/","title":{"rendered":"Governador da Bahia encaminha projeto de lei \u00e0 Assembleia Legislativa para combater fake news"},"content":{"rendered":"<p><img loading=\"lazy\" class=\"alignright size-medium wp-image-101662\" src=\"http:\/\/www.blogdothame.blog.br\/v1\/wp-content\/uploads\/2020\/05\/DFAC9C6F-0869-45CA-B5A3-E40CEB9C3ABF-300x200.jpeg\" alt=\"DFAC9C6F-0869-45CA-B5A3-E40CEB9C3ABF\" width=\"300\" height=\"200\" srcset=\"https:\/\/www.blogdothame.blog.br\/v1\/wp-content\/uploads\/2020\/05\/DFAC9C6F-0869-45CA-B5A3-E40CEB9C3ABF-300x200.jpeg 300w, https:\/\/www.blogdothame.blog.br\/v1\/wp-content\/uploads\/2020\/05\/DFAC9C6F-0869-45CA-B5A3-E40CEB9C3ABF-1024x683.jpeg 1024w, https:\/\/www.blogdothame.blog.br\/v1\/wp-content\/uploads\/2020\/05\/DFAC9C6F-0869-45CA-B5A3-E40CEB9C3ABF.jpeg 1224w\" sizes=\"(max-width: 300px) 100vw, 300px\" \/><\/p>\n<p>Em transmiss\u00e3o ao vivo por meio das redes sociais, na noite desta segunda-feira (4), o governador Rui Costa, destacou o projeto de lei que ser\u00e1 encaminhado \u00e0 Assembleia Legislativa da Bahia nesta ter\u00e7a-feira (5), para combater a divulga\u00e7\u00e3o de not\u00edcias falsas sobre epidemias, endemias e pandemias em toda Bahia. A medida \u00e9 adotada ap\u00f3s o compartilhamento de uma s\u00e9rie de fake news envolvendo a dissemina\u00e7\u00e3o e combate ao novo coronav\u00edrus no territ\u00f3rio baiano.<\/p>\n<p>O projeto estabelece a aplica\u00e7\u00e3o de multa para quem elaborar, divulgar e utilizar softwares ou outros mecanismos para o compartilhamento em massa de not\u00edcias falsas. O projeto ser\u00e1 votado pela Assembleia Legislativa da Bahia e posteriormente sancionado pelo governador. O valor da multa, que ser\u00e1 usado pelo Estado no combate a pandemias, vai ser definido ap\u00f3s o projeto ser votado na Assembleia. \u201cEsse \u00e9 um enfretamento \u00e0 cal\u00fania, mentira, falsidade e oportunismo. N\u00f3s iremos identificar esses criminosos, denunci\u00e1-los ao Minist\u00e9rio P\u00fablico da Bahia e entraremos com a\u00e7\u00e3o criminal e indenizat\u00f3ria contra todos aqueles que utilizarem essa pr\u00e1tica de compartilhamento de mentiras dentro e fora do estado\u201d, ressalta Rui Costa.<\/p>\n<p>Ainda na transmiss\u00e3o ao vivo, o governador revelou que a realiza\u00e7\u00e3o de exames para diagn\u00f3stico da Covid-19 foi iniciada nesta segunda-feira em Vit\u00f3ria da Conquista e Barreiras. Durante tr\u00eas dias ser\u00e3o realizados exames simult\u00e2neos nos laborat\u00f3rios das duas cidades e as amostras do mesmo paciente ser\u00e3o encaminhadas tamb\u00e9m ao Laborat\u00f3rio Central de Sa\u00fade P\u00fablica da Bahia (Lacen) para que a t\u00e9cnica possa ser validada.<\/p>\n<p>Outro ponto citado por Rui Costa foi o incremento na equipe de funcion\u00e1rios do Lacen para viabilizar que todos os profissionais que atuem nas unidades de sa\u00fade da Bahia possam realizar testes para o novo coronav\u00edrus. \u201cColocaremos trabalhadores em hor\u00e1rio extra no Lacen para testar as equipes de sa\u00fade dos munic\u00edpios com o maior n\u00famero de casos. Iremos testar profissionais das UPAs, Postos de Sa\u00fade, hospitais estaduais e essa a\u00e7\u00e3o alcan\u00e7ar\u00e1 tamb\u00e9m vigilantes, agentes de limpeza, entre outros profissionais. A nossa meta \u00e9 dobrar o n\u00famero de exames realizados no Lacen e esses testes das equipes come\u00e7am ainda nesta semana\u201d.<\/p>\n<p>*Rep\u00f3rter: Jairo Gon\u00e7alves*<\/p>\n","protected":false},"excerpt":{"rendered":"<p>Em transmiss\u00e3o ao vivo por meio das redes sociais, na noite desta segunda-feira (4), o governador Rui Costa, destacou o projeto de lei que ser\u00e1 encaminhado \u00e0 Assembleia Legislativa da Bahia nesta ter\u00e7a-feira (5), para combater a divulga\u00e7\u00e3o de not\u00edcias falsas sobre epidemias, endemias e pandemias em toda Bahia. A medida \u00e9 adotada ap\u00f3s o [&hellip;]<\/p>\n","protected":false},"author":2,"featured_media":0,"comment_status":"open","ping_status":"open","sticky":false,"template":"","format":"standard","meta":{"_links_to":"","_links_to_target":""},"categories":[1],"tags":[],"_links":{"self":[{"href":"https:\/\/www.blogdothame.blog.br\/v1\/wp-json\/wp\/v2\/posts\/101661"}],"collection":[{"href":"https:\/\/www.blogdothame.blog.br\/v1\/wp-json\/wp\/v2\/posts"}],"about":[{"href":"https:\/\/www.blogdothame.blog.br\/v1\/wp-json\/wp\/v2\/types\/post"}],"author":[{"embeddable":true,"href":"https:\/\/www.blogdothame.blog.br\/v1\/wp-json\/wp\/v2\/users\/2"}],"replies":[{"embeddable":true,"href":"https:\/\/www.blogdothame.blog.br\/v1\/wp-json\/wp\/v2\/comments?post=101661"}],"version-history":[{"count":2,"href":"https:\/\/www.blogdothame.blog.br\/v1\/wp-json\/wp\/v2\/posts\/101661\/revisions"}],"predecessor-version":[{"id":101664,"href":"https:\/\/www.blogdothame.blog.br\/v1\/wp-json\/wp\/v2\/posts\/101661\/revisions\/101664"}],"wp:attachment":[{"href":"https:\/\/www.blogdothame.blog.br\/v1\/wp-json\/wp\/v2\/media?parent=101661"}],"wp:term":[{"taxonomy":"category","embeddable":true,"href":"https:\/\/www.blogdothame.blog.br\/v1\/wp-json\/wp\/v2\/categories?post=101661"},{"taxonomy":"post_tag","embeddable":true,"href":"https:\/\/www.blogdothame.blog.br\/v1\/wp-json\/wp\/v2\/tags?post=101661"}],"curies":[{"name":"wp","href":"https:\/\/api.w.org\/{rel}","templated":true}]}}