{"id":101642,"date":"2020-05-04T08:29:53","date_gmt":"2020-05-04T11:29:53","guid":{"rendered":"http:\/\/www.blogdothame.blog.br\/v1\/?p=101642"},"modified":"2020-05-03T19:34:55","modified_gmt":"2020-05-03T22:34:55","slug":"nucleo-de-saude-coletiva-da-uesc-promove-videoconferencia","status":"publish","type":"post","link":"https:\/\/www.blogdothame.blog.br\/v1\/2020\/05\/04\/nucleo-de-saude-coletiva-da-uesc-promove-videoconferencia\/","title":{"rendered":"N\u00facleo de Sa\u00fade Coletiva da UESC promove videoconfer\u00eancia"},"content":{"rendered":"<p>&nbsp;<\/p>\n<p>&nbsp;<\/p>\n<p>&nbsp;<\/p>\n<p>\u201cProdu\u00e7\u00e3o de vidas no contexto da COVID-19\u201d \u00e9 uma a\u00e7\u00e3o implementada por docentes do N\u00facleo de Sa\u00fade Coletiva em parceria com outros n\u00facleos e projetos de extens\u00e3o da Universidade Estadual de Santa Cruz (UESC), contando com a participa\u00e7\u00e3o alunos da UFSB e IFBA e de profissionais volunt\u00e1rios da sa\u00fade.<\/p>\n<p>Est\u00e1 sendo programada a realiza\u00e7\u00e3o de mesas-redondas atrav\u00e9s de videoconfer\u00eancias nas microrregi\u00f5es de Itabuna e Ilh\u00e9us. Essa atividade ter\u00e1 como foco a Aten\u00e7\u00e3o B\u00e1sica dos munic\u00edpios que N\u00facleo de Sa\u00fade Coletiva da UESC presta consultoria.<\/p>\n<p>A primeira roda de conversa ser\u00e1 realizada em Itabuna, por ser munic\u00edpio polo, por sua complexidade, pelos problemas que apresenta e pelo aumento da curva epid\u00eamica com uma grande quantidade de pessoas infectadas e \u00f3bitos.<\/p>\n<p>A primeira mesa-redonda, com o tema \u201cOrganiza\u00e7\u00e3o do fluxo de atendimento nas Unidades B\u00e1sicas de Sa\u00fade e Unidades Sa\u00fade da Fam\u00edlia\u201d ser\u00e1 realizada nesta segunda-feira (4), \u00e0s 15 horas.<\/p>\n<p>De acordo com o N\u00facleo de Sa\u00fade Coletiva da UESC, O objetivo \u00e9 realizar consulta acerca da organiza\u00e7\u00e3o do fluxo de atendimentos nas Unidades B\u00e1sica para os sintom\u00e1ticos respirat\u00f3rios e as a\u00e7\u00f5es program\u00e1ticas desenvolvidas na rotina das unidades; Identificar as facilidades e dificuldades ao processo de implementa\u00e7\u00e3o deste fluxo organizacional al\u00e9m de buscar, em articula\u00e7\u00e3o com os t\u00e9cnicos dos munic\u00edpios, alternativas e estrat\u00e9gias para solucion\u00e1-las.<\/p>\n<p>Ser\u00e1 poss\u00edvel acessar sala: \u201cCJA1. Confer\u00eancia Web\u201d,\u00a0conferenciaweb.rnp.br\u00a0\u00a0atrav\u00e9s do\u00a0Link:\u00a0https:\/\/conferenciaweb.rnp.br\/ webcobf\/cja-1<\/p>\n<p>&nbsp;<\/p>\n","protected":false},"excerpt":{"rendered":"<p>&nbsp; &nbsp; &nbsp; \u201cProdu\u00e7\u00e3o de vidas no contexto da COVID-19\u201d \u00e9 uma a\u00e7\u00e3o implementada por docentes do N\u00facleo de Sa\u00fade Coletiva em parceria com outros n\u00facleos e projetos de extens\u00e3o da Universidade Estadual de Santa Cruz (UESC), contando com a participa\u00e7\u00e3o alunos da UFSB e IFBA e de profissionais volunt\u00e1rios da sa\u00fade. Est\u00e1 sendo programada [&hellip;]<\/p>\n","protected":false},"author":2,"featured_media":0,"comment_status":"open","ping_status":"open","sticky":false,"template":"","format":"standard","meta":{"_links_to":"","_links_to_target":""},"categories":[1],"tags":[27151,1296,27150],"_links":{"self":[{"href":"https:\/\/www.blogdothame.blog.br\/v1\/wp-json\/wp\/v2\/posts\/101642"}],"collection":[{"href":"https:\/\/www.blogdothame.blog.br\/v1\/wp-json\/wp\/v2\/posts"}],"about":[{"href":"https:\/\/www.blogdothame.blog.br\/v1\/wp-json\/wp\/v2\/types\/post"}],"author":[{"embeddable":true,"href":"https:\/\/www.blogdothame.blog.br\/v1\/wp-json\/wp\/v2\/users\/2"}],"replies":[{"embeddable":true,"href":"https:\/\/www.blogdothame.blog.br\/v1\/wp-json\/wp\/v2\/comments?post=101642"}],"version-history":[{"count":2,"href":"https:\/\/www.blogdothame.blog.br\/v1\/wp-json\/wp\/v2\/posts\/101642\/revisions"}],"predecessor-version":[{"id":101648,"href":"https:\/\/www.blogdothame.blog.br\/v1\/wp-json\/wp\/v2\/posts\/101642\/revisions\/101648"}],"wp:attachment":[{"href":"https:\/\/www.blogdothame.blog.br\/v1\/wp-json\/wp\/v2\/media?parent=101642"}],"wp:term":[{"taxonomy":"category","embeddable":true,"href":"https:\/\/www.blogdothame.blog.br\/v1\/wp-json\/wp\/v2\/categories?post=101642"},{"taxonomy":"post_tag","embeddable":true,"href":"https:\/\/www.blogdothame.blog.br\/v1\/wp-json\/wp\/v2\/tags?post=101642"}],"curies":[{"name":"wp","href":"https:\/\/api.w.org\/{rel}","templated":true}]}}