{"id":101629,"date":"2020-05-03T13:15:37","date_gmt":"2020-05-03T16:15:37","guid":{"rendered":"http:\/\/www.blogdothame.blog.br\/v1\/?p=101629"},"modified":"2020-05-03T16:49:37","modified_gmt":"2020-05-03T19:49:37","slug":"governo-da-bahia-envia-barracas-mascaras-e-alcool-gel-para-feirantes-em-ilheus","status":"publish","type":"post","link":"https:\/\/www.blogdothame.blog.br\/v1\/2020\/05\/03\/governo-da-bahia-envia-barracas-mascaras-e-alcool-gel-para-feirantes-em-ilheus\/","title":{"rendered":"Governo da Bahia envia barracas, m\u00e1scaras e \u00e1lcool gel para feirantes em Ilheus"},"content":{"rendered":"<p>&nbsp;<\/p>\n<p>O Governo do Estado enviou, neste domingo (03), 100 barracas, 1.200 m\u00e1scaras reutiliz\u00e1veis e 100 frascos de \u00e1lcool em gel a 70% para serem distribu\u00eddos aos feirantes da Central de Abastecimento de Ilh\u00e9us, que teve abertura autorizada ap\u00f3s os ajustes determinados pela Vigil\u00e2ncia Sanit\u00e1ria do Estado. A a\u00e7\u00e3o tem como objetivo ofertar mais seguran\u00e7a para o funcionamento do local, em virtude da pandemia do novo Coronav\u00edrus.<\/p>\n<p><img loading=\"lazy\" class=\"aligncenter size-medium wp-image-101630\" src=\"http:\/\/www.blogdothame.blog.br\/v1\/wp-content\/uploads\/2020\/05\/F9B89119-DEC6-441F-8666-358A150A09E5-300x164.jpeg\" alt=\"F9B89119-DEC6-441F-8666-358A150A09E5\" width=\"300\" height=\"164\" srcset=\"https:\/\/www.blogdothame.blog.br\/v1\/wp-content\/uploads\/2020\/05\/F9B89119-DEC6-441F-8666-358A150A09E5-300x164.jpeg 300w, https:\/\/www.blogdothame.blog.br\/v1\/wp-content\/uploads\/2020\/05\/F9B89119-DEC6-441F-8666-358A150A09E5-1024x559.jpeg 1024w, https:\/\/www.blogdothame.blog.br\/v1\/wp-content\/uploads\/2020\/05\/F9B89119-DEC6-441F-8666-358A150A09E5.jpeg 1279w\" sizes=\"(max-width: 300px) 100vw, 300px\" \/><br \/>\nA distribui\u00e7\u00e3o dos materiais ser\u00e1 realizada pela Prefeitura Municipal de Ilh\u00e9us, para uso dos feirantes de acordo com protocolo da Secretaria de Sa\u00fade do Estado da Bahia (Sesab). De acordo com o Comandante Geral do Corpo de Bombeiros Militar da Bahia, coronel Francisco Telles, a corpora\u00e7\u00e3o realizar\u00e1 uma desinfec\u00e7\u00e3o preventiva no local.<br \/>\n\u201cEsta \u00e9 uma importante a\u00e7\u00e3o que faz parte da pol\u00edtica da Secretaria de Desenvolvimento Rural em ajudar os munic\u00edpios, organizando e adotando medidas para o funcionamento das feiras, com a parceria das secretarias do Planejamento e Desenvolvimento Econ\u00f4mico\u201d, ressalta o secret\u00e1rio estadual do Planejamento, Walter Pinheiro.<\/p>\n","protected":false},"excerpt":{"rendered":"<p>&nbsp; O Governo do Estado enviou, neste domingo (03), 100 barracas, 1.200 m\u00e1scaras reutiliz\u00e1veis e 100 frascos de \u00e1lcool em gel a 70% para serem distribu\u00eddos aos feirantes da Central de Abastecimento de Ilh\u00e9us, que teve abertura autorizada ap\u00f3s os ajustes determinados pela Vigil\u00e2ncia Sanit\u00e1ria do Estado. A a\u00e7\u00e3o tem como objetivo ofertar mais seguran\u00e7a [&hellip;]<\/p>\n","protected":false},"author":2,"featured_media":0,"comment_status":"open","ping_status":"open","sticky":false,"template":"","format":"standard","meta":{"_links_to":"","_links_to_target":""},"categories":[1],"tags":[],"_links":{"self":[{"href":"https:\/\/www.blogdothame.blog.br\/v1\/wp-json\/wp\/v2\/posts\/101629"}],"collection":[{"href":"https:\/\/www.blogdothame.blog.br\/v1\/wp-json\/wp\/v2\/posts"}],"about":[{"href":"https:\/\/www.blogdothame.blog.br\/v1\/wp-json\/wp\/v2\/types\/post"}],"author":[{"embeddable":true,"href":"https:\/\/www.blogdothame.blog.br\/v1\/wp-json\/wp\/v2\/users\/2"}],"replies":[{"embeddable":true,"href":"https:\/\/www.blogdothame.blog.br\/v1\/wp-json\/wp\/v2\/comments?post=101629"}],"version-history":[{"count":3,"href":"https:\/\/www.blogdothame.blog.br\/v1\/wp-json\/wp\/v2\/posts\/101629\/revisions"}],"predecessor-version":[{"id":101633,"href":"https:\/\/www.blogdothame.blog.br\/v1\/wp-json\/wp\/v2\/posts\/101629\/revisions\/101633"}],"wp:attachment":[{"href":"https:\/\/www.blogdothame.blog.br\/v1\/wp-json\/wp\/v2\/media?parent=101629"}],"wp:term":[{"taxonomy":"category","embeddable":true,"href":"https:\/\/www.blogdothame.blog.br\/v1\/wp-json\/wp\/v2\/categories?post=101629"},{"taxonomy":"post_tag","embeddable":true,"href":"https:\/\/www.blogdothame.blog.br\/v1\/wp-json\/wp\/v2\/tags?post=101629"}],"curies":[{"name":"wp","href":"https:\/\/api.w.org\/{rel}","templated":true}]}}