{"id":101491,"date":"2020-04-24T15:30:03","date_gmt":"2020-04-24T18:30:03","guid":{"rendered":"http:\/\/www.blogdothame.blog.br\/v1\/?p=101491"},"modified":"2020-04-24T12:07:09","modified_gmt":"2020-04-24T15:07:09","slug":"com-entrega-de-nova-ala-do-lacen-bahia-passa-a-ter-capacidade-para-realizar-mil-testes-diarios-da-covid-19","status":"publish","type":"post","link":"https:\/\/www.blogdothame.blog.br\/v1\/2020\/04\/24\/com-entrega-de-nova-ala-do-lacen-bahia-passa-a-ter-capacidade-para-realizar-mil-testes-diarios-da-covid-19\/","title":{"rendered":"Com entrega de nova ala do Lacen, Bahia passa a ter capacidade para realizar mil testes di\u00e1rios da Covid-19"},"content":{"rendered":"<div><\/div>\n<div><img loading=\"lazy\" class=\"aligncenter size-medium wp-image-101493\" src=\"http:\/\/www.blogdothame.blog.br\/v1\/wp-content\/uploads\/2020\/04\/lacen-1-300x200.jpeg\" alt=\"lacen 1\" width=\"300\" height=\"200\" srcset=\"https:\/\/www.blogdothame.blog.br\/v1\/wp-content\/uploads\/2020\/04\/lacen-1-300x200.jpeg 300w, https:\/\/www.blogdothame.blog.br\/v1\/wp-content\/uploads\/2020\/04\/lacen-1.jpeg 448w\" sizes=\"(max-width: 300px) 100vw, 300px\" \/><\/div>\n<div><\/div>\n<div>A capacidade da Bahia de processar testes para o novo coronav\u00edrus salta de 400 para 1.000 exames por dia, com a entrega, nesta sexta-feira (24), da nova ala do Laborat\u00f3rio Central (Lacen) da Secretaria de Sa\u00fade do Estado (Sesab), realizada pelo secret\u00e1rio da Sa\u00fade, F\u00e1bio Vilas-Boas. O secret\u00e1rio afirmou que \u201co investimento superior a R$ 2 milh\u00f5es, em obras e equipamentos, tornou o Lacen o maior laborat\u00f3rio do Pa\u00eds em capacidade de realiza\u00e7\u00e3o de exames da Covid-19, e foi idealizado de forma preventiva para o estado, ainda em janeiro, quando a China divulgou o in\u00edcio da pandemia mundial\u201d. O Laborat\u00f3rio fica na Rua Waldemar Falc\u00e3o, 123 \u2013 Horto Florestal, em Salvador.<\/div>\n<div><img loading=\"lazy\" class=\"aligncenter size-medium wp-image-101492\" src=\"http:\/\/www.blogdothame.blog.br\/v1\/wp-content\/uploads\/2020\/04\/lacen-2-300x200.jpeg\" alt=\"lacen 2\" width=\"300\" height=\"200\" srcset=\"https:\/\/www.blogdothame.blog.br\/v1\/wp-content\/uploads\/2020\/04\/lacen-2-300x200.jpeg 300w, https:\/\/www.blogdothame.blog.br\/v1\/wp-content\/uploads\/2020\/04\/lacen-2-1024x682.jpeg 1024w, https:\/\/www.blogdothame.blog.br\/v1\/wp-content\/uploads\/2020\/04\/lacen-2.jpeg 1280w\" sizes=\"(max-width: 300px) 100vw, 300px\" \/><\/div>\n<div>\n<div>Ainda de acordo com Vilas-Boas, &#8220;esse primeiro pilar, que \u00e9 o do diagn\u00f3stico, compreendeu a constru\u00e7\u00e3o deste pr\u00e9dio, a amplia\u00e7\u00e3o do laborat\u00f3rio de biologia molecular, a aquisi\u00e7\u00e3o de novos equipamentos e a contrata\u00e7\u00e3o de insumos. Isso al\u00e7ou o Lacen da Bahia ao principal laborat\u00f3rio p\u00fablico estadual do Brasil na capacidade de realizar exames para coronav\u00edrus\u201d.<\/div>\n<div><\/div>\n<div>De acordo com a diretora-geral do Lacen, Arabela Leal, a unidade tem recebido uma m\u00e9dia de 400 exames diariamente, e, com a amplia\u00e7\u00e3o, a expectativa \u00e9 atender at\u00e9 mil pacientes por dia. \u201cEssa nova ala comporta n\u00e3o apenas o setor de biologia molecular, que faz todos os exames de coronav\u00edrus, HIV, hepatites e outras doen\u00e7as, mas, tamb\u00e9m na parte superior, est\u00e1 montado um laborat\u00f3rio de vigil\u00e2ncia sanit\u00e1ria, que faz an\u00e1lises qu\u00edmicas de \u00e1gua, de alimentos, produtos de limpeza, entre outros produtos\u201d.<\/div>\n<\/div>\n<div><\/div>\n","protected":false},"excerpt":{"rendered":"<p>A capacidade da Bahia de processar testes para o novo coronav\u00edrus salta de 400 para 1.000 exames por dia, com a entrega, nesta sexta-feira (24), da nova ala do Laborat\u00f3rio Central (Lacen) da Secretaria de Sa\u00fade do Estado (Sesab), realizada pelo secret\u00e1rio da Sa\u00fade, F\u00e1bio Vilas-Boas. O secret\u00e1rio afirmou que \u201co investimento superior a R$ [&hellip;]<\/p>\n","protected":false},"author":2,"featured_media":0,"comment_status":"open","ping_status":"open","sticky":false,"template":"","format":"standard","meta":{"_links_to":"","_links_to_target":""},"categories":[1],"tags":[26839,27137,27120],"_links":{"self":[{"href":"https:\/\/www.blogdothame.blog.br\/v1\/wp-json\/wp\/v2\/posts\/101491"}],"collection":[{"href":"https:\/\/www.blogdothame.blog.br\/v1\/wp-json\/wp\/v2\/posts"}],"about":[{"href":"https:\/\/www.blogdothame.blog.br\/v1\/wp-json\/wp\/v2\/types\/post"}],"author":[{"embeddable":true,"href":"https:\/\/www.blogdothame.blog.br\/v1\/wp-json\/wp\/v2\/users\/2"}],"replies":[{"embeddable":true,"href":"https:\/\/www.blogdothame.blog.br\/v1\/wp-json\/wp\/v2\/comments?post=101491"}],"version-history":[{"count":2,"href":"https:\/\/www.blogdothame.blog.br\/v1\/wp-json\/wp\/v2\/posts\/101491\/revisions"}],"predecessor-version":[{"id":101498,"href":"https:\/\/www.blogdothame.blog.br\/v1\/wp-json\/wp\/v2\/posts\/101491\/revisions\/101498"}],"wp:attachment":[{"href":"https:\/\/www.blogdothame.blog.br\/v1\/wp-json\/wp\/v2\/media?parent=101491"}],"wp:term":[{"taxonomy":"category","embeddable":true,"href":"https:\/\/www.blogdothame.blog.br\/v1\/wp-json\/wp\/v2\/categories?post=101491"},{"taxonomy":"post_tag","embeddable":true,"href":"https:\/\/www.blogdothame.blog.br\/v1\/wp-json\/wp\/v2\/tags?post=101491"}],"curies":[{"name":"wp","href":"https:\/\/api.w.org\/{rel}","templated":true}]}}