{"id":101485,"date":"2020-04-24T08:48:31","date_gmt":"2020-04-24T11:48:31","guid":{"rendered":"http:\/\/www.blogdothame.blog.br\/v1\/?p=101485"},"modified":"2020-04-24T11:51:02","modified_gmt":"2020-04-24T14:51:02","slug":"governo-estimula-empresas-e-pessoas-para-producao-e-distribuicao-de-mascaras","status":"publish","type":"post","link":"https:\/\/www.blogdothame.blog.br\/v1\/2020\/04\/24\/governo-estimula-empresas-e-pessoas-para-producao-e-distribuicao-de-mascaras\/","title":{"rendered":"Governo estimula empresas e pessoas para produ\u00e7\u00e3o e distribui\u00e7\u00e3o de m\u00e1scaras"},"content":{"rendered":"<p>O Governo do Estado est\u00e1 estimulando pessoas f\u00edsicas e empresas para a produ\u00e7\u00e3o e distribui\u00e7\u00e3o de m\u00e1scaras de tecido junto \u00e0 popula\u00e7\u00e3o. Para isso, est\u00e1 disponibilizando o n\u00famero (71) 99963-5902 e o e-mail producao.mascaras@seplan.ba.gov.br para prestar orienta\u00e7\u00f5es sobre a produ\u00e7\u00e3o das m\u00e1scaras para quem deseja produzir ou fornecer insumos como tecidos e el\u00e1sticos. Al\u00e9m de anunciar a compra de 10 milh\u00f5es de m\u00e1scaras que j\u00e1 come\u00e7aram a ser distribu\u00eddas, o Governo lan\u00e7ou um cat\u00e1logo de fabricantes de m\u00e1scaras artesanais, com a rela\u00e7\u00e3o de empreendimentos habilitados para fornecer o servi\u00e7o, em toda a Bahia, com o objetivo de conter o cont\u00e1gio do novo coronav\u00edrus (Covid-19).<\/p>\n<p><img loading=\"lazy\" class=\"aligncenter size-medium wp-image-101177\" src=\"http:\/\/www.blogdothame.blog.br\/v1\/wp-content\/uploads\/2020\/04\/mascaras-300x200.jpeg\" alt=\"mascaras\" width=\"300\" height=\"200\" srcset=\"https:\/\/www.blogdothame.blog.br\/v1\/wp-content\/uploads\/2020\/04\/mascaras-300x200.jpeg 300w, https:\/\/www.blogdothame.blog.br\/v1\/wp-content\/uploads\/2020\/04\/mascaras.jpeg 500w\" sizes=\"(max-width: 300px) 100vw, 300px\" \/><br \/>\nDurante live nas redes sociais, na noite desta quarta-feira (22), o governador Rui Costa voltou a defender que a popula\u00e7\u00e3o utilize m\u00e1scaras. \u201cN\u00f3s queremos comprar at\u00e9 10 milh\u00f5es de m\u00e1scaras para distribuir para toda a popula\u00e7\u00e3o, porque, se todo mundo estiver usando a m\u00e1scara, n\u00f3s vamos conseguir derrubar a taxa de infec\u00e7\u00e3o\u201d, disse Rui, ao pedir que empres\u00e1rios, prefeitos e toda a sociedade se unam em torno de um grande mutir\u00e3o para fortalecer a produ\u00e7\u00e3o e distribui\u00e7\u00e3o de m\u00e1scaras no estado. \u201cCom isso, a gente vai poder acelerar a volta \u00e0 normalidade. Voltar \u00e0 normalidade significa salvar vidas humanas e, para isso, o uso da mascara \u00e9 fundamental\u201d, acrescentou o governador durante o pronunciamento ao vivo no Facebook e Instagram.<\/p>\n<p>&nbsp;<\/p>\n<p><!--more--><br \/>\n\u201cEstamos numa ampla rede de solidariedade, onde institui\u00e7\u00f5es como igrejas, associa\u00e7\u00f5es, empresas e tamb\u00e9m pessoas f\u00edsicas est\u00e3o se unindo para produzir e distribuir m\u00e1scaras. Lan\u00e7amos o cat\u00e1logo com mais de 600 empreendimentos habilitados para produzir m\u00e1scaras em toda a Bahia, estamos adquirindo milh\u00f5es de m\u00e1scaras e estimulando a doa\u00e7\u00e3o de tecidos e el\u00e1sticos, e que costureiras se unam a esta iniciativa para ampliar o nosso potencial de produ\u00e7\u00e3o. Com todos juntos, fortalecemos o combate ao Coronav\u00edrus\u201d, destaca o secret\u00e1rio do Planejamento, Walter Pinheiro.<\/p>\n","protected":false},"excerpt":{"rendered":"<p>O Governo do Estado est\u00e1 estimulando pessoas f\u00edsicas e empresas para a produ\u00e7\u00e3o e distribui\u00e7\u00e3o de m\u00e1scaras de tecido junto \u00e0 popula\u00e7\u00e3o. Para isso, est\u00e1 disponibilizando o n\u00famero (71) 99963-5902 e o e-mail producao.mascaras@seplan.ba.gov.br para prestar orienta\u00e7\u00f5es sobre a produ\u00e7\u00e3o das m\u00e1scaras para quem deseja produzir ou fornecer insumos como tecidos e el\u00e1sticos. Al\u00e9m de [&hellip;]<\/p>\n","protected":false},"author":2,"featured_media":0,"comment_status":"open","ping_status":"open","sticky":false,"template":"","format":"standard","meta":{"_links_to":"","_links_to_target":""},"categories":[1],"tags":[26839,16,26859],"_links":{"self":[{"href":"https:\/\/www.blogdothame.blog.br\/v1\/wp-json\/wp\/v2\/posts\/101485"}],"collection":[{"href":"https:\/\/www.blogdothame.blog.br\/v1\/wp-json\/wp\/v2\/posts"}],"about":[{"href":"https:\/\/www.blogdothame.blog.br\/v1\/wp-json\/wp\/v2\/types\/post"}],"author":[{"embeddable":true,"href":"https:\/\/www.blogdothame.blog.br\/v1\/wp-json\/wp\/v2\/users\/2"}],"replies":[{"embeddable":true,"href":"https:\/\/www.blogdothame.blog.br\/v1\/wp-json\/wp\/v2\/comments?post=101485"}],"version-history":[{"count":2,"href":"https:\/\/www.blogdothame.blog.br\/v1\/wp-json\/wp\/v2\/posts\/101485\/revisions"}],"predecessor-version":[{"id":101487,"href":"https:\/\/www.blogdothame.blog.br\/v1\/wp-json\/wp\/v2\/posts\/101485\/revisions\/101487"}],"wp:attachment":[{"href":"https:\/\/www.blogdothame.blog.br\/v1\/wp-json\/wp\/v2\/media?parent=101485"}],"wp:term":[{"taxonomy":"category","embeddable":true,"href":"https:\/\/www.blogdothame.blog.br\/v1\/wp-json\/wp\/v2\/categories?post=101485"},{"taxonomy":"post_tag","embeddable":true,"href":"https:\/\/www.blogdothame.blog.br\/v1\/wp-json\/wp\/v2\/tags?post=101485"}],"curies":[{"name":"wp","href":"https:\/\/api.w.org\/{rel}","templated":true}]}}