{"id":101359,"date":"2020-04-14T19:21:15","date_gmt":"2020-04-14T22:21:15","guid":{"rendered":"http:\/\/www.blogdothame.blog.br\/v1\/?p=101359"},"modified":"2020-04-14T19:30:56","modified_gmt":"2020-04-14T22:30:56","slug":"em-videoconferencia-com-secretario-de-saude-prefeitos-do-sul-da-bahia-pedem-apoio-para-conter-covid-19","status":"publish","type":"post","link":"https:\/\/www.blogdothame.blog.br\/v1\/2020\/04\/14\/em-videoconferencia-com-secretario-de-saude-prefeitos-do-sul-da-bahia-pedem-apoio-para-conter-covid-19\/","title":{"rendered":"Em videoconfer\u00eancia com secret\u00e1rio de saude, prefeitos do Sul da Bahia pedem apoio para conter Covid 19"},"content":{"rendered":"<p><img loading=\"lazy\" class=\"aligncenter size-medium wp-image-101360\" src=\"http:\/\/www.blogdothame.blog.br\/v1\/wp-content\/uploads\/2020\/04\/D674A363-39E2-4CE6-945B-C4F71C11406C-300x169.jpeg\" alt=\"D674A363-39E2-4CE6-945B-C4F71C11406C\" width=\"300\" height=\"169\" srcset=\"https:\/\/www.blogdothame.blog.br\/v1\/wp-content\/uploads\/2020\/04\/D674A363-39E2-4CE6-945B-C4F71C11406C-300x169.jpeg 300w, https:\/\/www.blogdothame.blog.br\/v1\/wp-content\/uploads\/2020\/04\/D674A363-39E2-4CE6-945B-C4F71C11406C-1024x576.jpeg 1024w, https:\/\/www.blogdothame.blog.br\/v1\/wp-content\/uploads\/2020\/04\/D674A363-39E2-4CE6-945B-C4F71C11406C.jpeg 1280w\" sizes=\"(max-width: 300px) 100vw, 300px\" \/><\/p>\n<p>O secret\u00e1rio da Sa\u00fade do Estado da Bahia, F\u00e1bio Vilas-Boas, participou de uma videoconfer\u00eancia com cerca de 20 prefeitos e secret\u00e1rios de sa\u00fade do sul da Bahia, na tarde desta ter\u00e7a-feira (14), na sede da secretaria da Sa\u00fade do Estado (Sesab).<\/p>\n<p>De acordo com Vilas-Boas, &#8220;a regi\u00e3o sul est\u00e1 se destacando num surto crescente no n\u00famero de casos, superando o munic\u00edpio de Feira de Santana, que hoje est\u00e1 com 48 casos confirmados, enquanto apenas Ilh\u00e9us e Itabuna, juntas, somam 75 casos&#8221;, ressaltou o secret\u00e1rio.<\/p>\n<p>Representantes de Arataca, Buerarema, Camac\u00e3, Canavieiras, Coaraci, Floresta Azul, Ibicara\u00ed, Ibirapitanga, Itabuna, Itapitanga, Itaju\u00edpe, Ilh\u00e9us, Mara\u00fa, Mascote, Pau Brasil, Ubaitaba, Ubat\u00e3, Una e Uru\u00e7uca expuseram seus principais problemas e dificuldades diante da pandemia da Covid-19. A maioria relata dificuldades em convencer as pessoas a n\u00e3o se aglomerarem em feiras livres, lot\u00e9ricas, bancos, bares, templos religiosos e at\u00e9 em vel\u00f3rios.<\/p>\n<p>Sobre o funcionamento do com\u00e9rcio, que \u00e9 livre em cidades que n\u00e3o possuem casos confirmados de Covid-19, o titular da pasta da Sa\u00fade ressaltou o decreto estadual sancionado ontem (13), que obriga os comerciantes a oferecerem m\u00e1scaras aos funcion\u00e1rios e clientes a fim de garantir uma zona de com\u00e9rcio livre de coronav\u00edrus.<\/p>\n<p>Em rela\u00e7\u00e3o \u00e0s feiras livres, j\u00e1 existe uma nota t\u00e9cnica do Comit\u00ea Estadual de Emerg\u00eancias em Sa\u00fade P\u00fablica, disciplinando que as barracas devam manter uma dist\u00e2ncia de 3 metros uma das outras, e os vendedores s\u00f3 possam trabalhar com m\u00e1scaras.<\/p>\n<p>Houve ainda um apelo dos prefeitos do sul para que a Pol\u00edcia Militar da Bahia intervenha nos munic\u00edpios para apoiar o trabalho das guardas municipais, sendo que esta demanda ser\u00e1 direcionada para a Secretaria da Seguran\u00e7a P\u00fablica (SSP).<\/p>\n","protected":false},"excerpt":{"rendered":"<p>O secret\u00e1rio da Sa\u00fade do Estado da Bahia, F\u00e1bio Vilas-Boas, participou de uma videoconfer\u00eancia com cerca de 20 prefeitos e secret\u00e1rios de sa\u00fade do sul da Bahia, na tarde desta ter\u00e7a-feira (14), na sede da secretaria da Sa\u00fade do Estado (Sesab). De acordo com Vilas-Boas, &#8220;a regi\u00e3o sul est\u00e1 se destacando num surto crescente no [&hellip;]<\/p>\n","protected":false},"author":2,"featured_media":0,"comment_status":"open","ping_status":"open","sticky":false,"template":"","format":"standard","meta":{"_links_to":"","_links_to_target":""},"categories":[1],"tags":[26839,641,185],"_links":{"self":[{"href":"https:\/\/www.blogdothame.blog.br\/v1\/wp-json\/wp\/v2\/posts\/101359"}],"collection":[{"href":"https:\/\/www.blogdothame.blog.br\/v1\/wp-json\/wp\/v2\/posts"}],"about":[{"href":"https:\/\/www.blogdothame.blog.br\/v1\/wp-json\/wp\/v2\/types\/post"}],"author":[{"embeddable":true,"href":"https:\/\/www.blogdothame.blog.br\/v1\/wp-json\/wp\/v2\/users\/2"}],"replies":[{"embeddable":true,"href":"https:\/\/www.blogdothame.blog.br\/v1\/wp-json\/wp\/v2\/comments?post=101359"}],"version-history":[{"count":1,"href":"https:\/\/www.blogdothame.blog.br\/v1\/wp-json\/wp\/v2\/posts\/101359\/revisions"}],"predecessor-version":[{"id":101361,"href":"https:\/\/www.blogdothame.blog.br\/v1\/wp-json\/wp\/v2\/posts\/101359\/revisions\/101361"}],"wp:attachment":[{"href":"https:\/\/www.blogdothame.blog.br\/v1\/wp-json\/wp\/v2\/media?parent=101359"}],"wp:term":[{"taxonomy":"category","embeddable":true,"href":"https:\/\/www.blogdothame.blog.br\/v1\/wp-json\/wp\/v2\/categories?post=101359"},{"taxonomy":"post_tag","embeddable":true,"href":"https:\/\/www.blogdothame.blog.br\/v1\/wp-json\/wp\/v2\/tags?post=101359"}],"curies":[{"name":"wp","href":"https:\/\/api.w.org\/{rel}","templated":true}]}}