{"id":101333,"date":"2020-04-14T10:33:54","date_gmt":"2020-04-14T13:33:54","guid":{"rendered":"http:\/\/www.blogdothame.blog.br\/v1\/?p=101333"},"modified":"2020-04-14T10:34:06","modified_gmt":"2020-04-14T13:34:06","slug":"lei-que-obriga-o-uso-de-mascaras-de-protecao-em-empresas-entra-em-vigor-em-72-horas","status":"publish","type":"post","link":"https:\/\/www.blogdothame.blog.br\/v1\/2020\/04\/14\/lei-que-obriga-o-uso-de-mascaras-de-protecao-em-empresas-entra-em-vigor-em-72-horas\/","title":{"rendered":"Lei que obriga o uso de m\u00e1scaras de prote\u00e7\u00e3o em empresas entra em vigor em 72 horas"},"content":{"rendered":"<p>Nesta ter\u00e7a-feira (14), foi publicada no Di\u00e1rio Oficial do Estado a Lei 14.258, que determina a obrigatoriedade do uso de m\u00e1scaras de prote\u00e7\u00e3o em locais de trabalho, para evitar a contamina\u00e7\u00e3o pela Covid-19. Pela nova lei, sancionada pelo governador Rui Costa ontem (13), os empregadores devem fornecer e fiscalizar o uso por seus funcion\u00e1rios, em estabelecimentos comerciais, industriais, banc\u00e1rios, no transporte rodovi\u00e1rio, metrovi\u00e1rio e de passageiros em geral, tanto p\u00fablico quanto privado. Esta Lei entra em vigor no prazo de 72 horas ap\u00f3s a sua publica\u00e7\u00e3o.<\/p>\n<p>O n\u00e3o cumprimento da nova lei estadual resultar\u00e1 em pagamento de multas, cujos valores ser\u00e3o definidos em regulamenta\u00e7\u00e3o espec\u00edfica, ainda a ser divulgada pelo Governo do Estado. Os recursos oriundos da penalidade ser\u00e3o destinados \u00e0s a\u00e7\u00f5es de combate \u00e0 Covid-19.<\/p>\n<p>O projeto de lei de autoria do Governo do Estado foi encaminhado pelo governador Rui Costa \u00e0 Assembleia Legislativa e aprovado, por unanimidade, pelos deputados, no \u00faltimo s\u00e1bado (11). Al\u00e9m das m\u00e1scaras, os estabelecimentos t\u00eam que oferecer locais para higieniza\u00e7\u00e3o das m\u00e3os com \u00e1gua corrente ou disponibilizar pontos com \u00e1lcool gel 70%.<\/p>\n","protected":false},"excerpt":{"rendered":"<p>Nesta ter\u00e7a-feira (14), foi publicada no Di\u00e1rio Oficial do Estado a Lei 14.258, que determina a obrigatoriedade do uso de m\u00e1scaras de prote\u00e7\u00e3o em locais de trabalho, para evitar a contamina\u00e7\u00e3o pela Covid-19. Pela nova lei, sancionada pelo governador Rui Costa ontem (13), os empregadores devem fornecer e fiscalizar o uso por seus funcion\u00e1rios, em [&hellip;]<\/p>\n","protected":false},"author":2,"featured_media":0,"comment_status":"open","ping_status":"open","sticky":false,"template":"","format":"standard","meta":{"_links_to":"","_links_to_target":""},"categories":[1],"tags":[26839,16,15594,26976],"_links":{"self":[{"href":"https:\/\/www.blogdothame.blog.br\/v1\/wp-json\/wp\/v2\/posts\/101333"}],"collection":[{"href":"https:\/\/www.blogdothame.blog.br\/v1\/wp-json\/wp\/v2\/posts"}],"about":[{"href":"https:\/\/www.blogdothame.blog.br\/v1\/wp-json\/wp\/v2\/types\/post"}],"author":[{"embeddable":true,"href":"https:\/\/www.blogdothame.blog.br\/v1\/wp-json\/wp\/v2\/users\/2"}],"replies":[{"embeddable":true,"href":"https:\/\/www.blogdothame.blog.br\/v1\/wp-json\/wp\/v2\/comments?post=101333"}],"version-history":[{"count":1,"href":"https:\/\/www.blogdothame.blog.br\/v1\/wp-json\/wp\/v2\/posts\/101333\/revisions"}],"predecessor-version":[{"id":101334,"href":"https:\/\/www.blogdothame.blog.br\/v1\/wp-json\/wp\/v2\/posts\/101333\/revisions\/101334"}],"wp:attachment":[{"href":"https:\/\/www.blogdothame.blog.br\/v1\/wp-json\/wp\/v2\/media?parent=101333"}],"wp:term":[{"taxonomy":"category","embeddable":true,"href":"https:\/\/www.blogdothame.blog.br\/v1\/wp-json\/wp\/v2\/categories?post=101333"},{"taxonomy":"post_tag","embeddable":true,"href":"https:\/\/www.blogdothame.blog.br\/v1\/wp-json\/wp\/v2\/tags?post=101333"}],"curies":[{"name":"wp","href":"https:\/\/api.w.org\/{rel}","templated":true}]}}