{"id":101260,"date":"2020-04-10T17:56:07","date_gmt":"2020-04-10T20:56:07","guid":{"rendered":"http:\/\/www.blogdothame.blog.br\/v1\/?p=101260"},"modified":"2020-04-10T18:19:12","modified_gmt":"2020-04-10T21:19:12","slug":"governo-do-estado-divulga-novo-decreto-de-calamidade-publica-para-obter-recurso-federa","status":"publish","type":"post","link":"https:\/\/www.blogdothame.blog.br\/v1\/2020\/04\/10\/governo-do-estado-divulga-novo-decreto-de-calamidade-publica-para-obter-recurso-federa\/","title":{"rendered":"Governo do Estado divulga novo decreto de calamidade p\u00fablica para obter recurso federa"},"content":{"rendered":"<p>O Governo da Bahia publica decreto na edi\u00e7\u00e3o do Di\u00e1rio Oficial desta sexta-feira (10) para declara\u00e7\u00e3o de estado de calamidade p\u00fablica. O documento ser\u00e1 encaminhado ao Governo Federal para que seja obtido o reconhecimento da Uni\u00e3o. Com este novo decreto, o estado e munic\u00edpios poder\u00e3o acessar recursos federais via Secretaria Nacional de Prote\u00e7\u00e3o e Defesa Civil para que sejam utilizados no combate \u00e0 pandemia da Covid-19. Esta medida facilita o acesso dos munic\u00edpios que j\u00e1 tenham casos confirmados do novo coronav\u00edrus, bem como ao Estado, reduz a burocracia e acelera as etapas para libera\u00e7\u00e3o do dinheiro.<\/p>\n<p>&nbsp;<\/p>\n<p>&nbsp;<br \/>\nN\u00e3o h\u00e1 um valor pr\u00e9-determinado do recurso que poder\u00e1 ser liberado ao estado e munic\u00edpios. A destina\u00e7\u00e3o do recurso cabe aos gestores e pode ser usado tanto para compra de cestas b\u00e1sicas pelos munic\u00edpios ou para aquisi\u00e7\u00e3o de equipamentos pela Secretaria de Sa\u00fade do Estado por exemplo.<\/p>\n<p>&nbsp;<\/p>\n<p><!--more--><\/p>\n<p>Embora o novo decreto contemple todos os munic\u00edpios baianos, a libera\u00e7\u00e3o do recurso ser\u00e1 realizada apenas \u00e0s cidades que tenham pelo menos um caso da Covid-19 confirmado. A medida que os munic\u00edpios tiverem casos confirmados, a solicita\u00e7\u00e3o do recurso poder\u00e1 ocorrer via site da Secretaria Nacional de Prote\u00e7\u00e3o e Defesa Civil.<\/p>\n<p>O Governo do Estado j\u00e1 publicou um decreto anterior, em 20 de mar\u00e7o, aprovado pela Assembleia Legislativa da Bahia, com declara\u00e7\u00e3o de calamidade p\u00fablica. Este decreto refere-se \u00e0 dispensa do atingimento dos resultados fiscais e limita\u00e7\u00e3o de empenho prevista, bem como suspens\u00e3o da contagem de prazos.<\/p>\n","protected":false},"excerpt":{"rendered":"<p>O Governo da Bahia publica decreto na edi\u00e7\u00e3o do Di\u00e1rio Oficial desta sexta-feira (10) para declara\u00e7\u00e3o de estado de calamidade p\u00fablica. O documento ser\u00e1 encaminhado ao Governo Federal para que seja obtido o reconhecimento da Uni\u00e3o. Com este novo decreto, o estado e munic\u00edpios poder\u00e3o acessar recursos federais via Secretaria Nacional de Prote\u00e7\u00e3o e Defesa [&hellip;]<\/p>\n","protected":false},"author":2,"featured_media":0,"comment_status":"open","ping_status":"open","sticky":false,"template":"","format":"standard","meta":{"_links_to":"","_links_to_target":""},"categories":[1],"tags":[26839,27072,16],"_links":{"self":[{"href":"https:\/\/www.blogdothame.blog.br\/v1\/wp-json\/wp\/v2\/posts\/101260"}],"collection":[{"href":"https:\/\/www.blogdothame.blog.br\/v1\/wp-json\/wp\/v2\/posts"}],"about":[{"href":"https:\/\/www.blogdothame.blog.br\/v1\/wp-json\/wp\/v2\/types\/post"}],"author":[{"embeddable":true,"href":"https:\/\/www.blogdothame.blog.br\/v1\/wp-json\/wp\/v2\/users\/2"}],"replies":[{"embeddable":true,"href":"https:\/\/www.blogdothame.blog.br\/v1\/wp-json\/wp\/v2\/comments?post=101260"}],"version-history":[{"count":9,"href":"https:\/\/www.blogdothame.blog.br\/v1\/wp-json\/wp\/v2\/posts\/101260\/revisions"}],"predecessor-version":[{"id":101269,"href":"https:\/\/www.blogdothame.blog.br\/v1\/wp-json\/wp\/v2\/posts\/101260\/revisions\/101269"}],"wp:attachment":[{"href":"https:\/\/www.blogdothame.blog.br\/v1\/wp-json\/wp\/v2\/media?parent=101260"}],"wp:term":[{"taxonomy":"category","embeddable":true,"href":"https:\/\/www.blogdothame.blog.br\/v1\/wp-json\/wp\/v2\/categories?post=101260"},{"taxonomy":"post_tag","embeddable":true,"href":"https:\/\/www.blogdothame.blog.br\/v1\/wp-json\/wp\/v2\/tags?post=101260"}],"curies":[{"name":"wp","href":"https:\/\/api.w.org\/{rel}","templated":true}]}}