{"id":101250,"date":"2020-04-10T15:14:33","date_gmt":"2020-04-10T18:14:33","guid":{"rendered":"http:\/\/www.blogdothame.blog.br\/v1\/?p=101250"},"modified":"2020-04-10T17:16:17","modified_gmt":"2020-04-10T20:16:17","slug":"hospital-costa-do-cacau-aplica-medidas-tecnicas-desde-o-inicio-da-pandemia-do-covid-19-e-alerta-sobre-fake-news","status":"publish","type":"post","link":"https:\/\/www.blogdothame.blog.br\/v1\/2020\/04\/10\/hospital-costa-do-cacau-aplica-medidas-tecnicas-desde-o-inicio-da-pandemia-do-covid-19-e-alerta-sobre-fake-news\/","title":{"rendered":"Hospital  Costa do Cacau aplica medidas t\u00e9cnicas  desde o in\u00edcio da pandemia do Covid-19 e alerta sobre fake news"},"content":{"rendered":"<p><img loading=\"lazy\" class=\"alignright size-medium wp-image-98677\" src=\"http:\/\/www.blogdothame.blog.br\/v1\/wp-content\/uploads\/2020\/01\/hrcc-300x200.jpg\" alt=\"hrcc\" width=\"300\" height=\"200\" srcset=\"https:\/\/www.blogdothame.blog.br\/v1\/wp-content\/uploads\/2020\/01\/hrcc-300x200.jpg 300w, https:\/\/www.blogdothame.blog.br\/v1\/wp-content\/uploads\/2020\/01\/hrcc.jpg 1000w\" sizes=\"(max-width: 300px) 100vw, 300px\" \/>A \u00a0escalada de crescimento do cont\u00e1gio do novo coronav\u00edrus (Covid-19) no Brasil est\u00e1 em uma linha ascendente e afeta todos Estados da Federa\u00e7\u00e3o. Na Bahia, o Governo do Estado adota medidas para buscar a conten\u00e7\u00e3o do avan\u00e7o da doen\u00e7a. Em territ\u00f3rio baiano foram registrados, por meio de boletim epidemiol\u00f3gico da Sesab divulgado nessa quinta-feira (09), 568 casos confirmados, com 146 pessoas curadas.<\/p>\n<p>No pa\u00eds, a transmiss\u00e3o do Covid-19 \u00e9 comunit\u00e1ria, entre a popula\u00e7\u00e3o. Essa realidade coloca em risco de cont\u00e1gio, indiv\u00edduos, atrav\u00e9s do contato pessoal e do conv\u00edvio social. Nos estabelecimentos de sa\u00fade, locais que recepcionam enfermos com diversas doen\u00e7as, incluindo o novo coronav\u00edrus \u00e9 um ambiente potencial de contamina\u00e7\u00e3o.<\/p>\n<p>O Hospital Regional Costa do Cacau (HRCC), em Ilh\u00e9us, ciente desses riscos, adotou todas a medidas t\u00e9cnicas orientadas para o enfrentamento do Covid-19, desde o in\u00edcio da pandemia da doen\u00e7a no Brasil. A unidade hospitalar aplicou procedimentos e protocolos, seguindo estritamente as orienta\u00e7\u00f5es do Minist\u00e9rio da Sa\u00fade, Secretaria de Sa\u00fade do Estado da Bahia (Sesab) e Organiza\u00e7\u00e3o Mundial da Sa\u00fade (OMS).<\/p>\n<p><!--more--><\/p>\n<p>O hospital estabeleceu um planejamento para o acolhimento do paciente com suspeita da doen\u00e7a atendendo um fluxograma elaborado para recep\u00e7\u00e3o e cuidados, al\u00e9m da precau\u00e7\u00e3o da n\u00e3o transmissibilidade do v\u00edrus em ambiente hospitalar. A pessoa que chega ao hospital, apresentando febre e com sintomas respirat\u00f3rios, recebe uma m\u00e1scara cir\u00fargica e \u00e9 colocado em isolamento, com o objetivo de evitar ou minimizar os riscos de transmiss\u00e3o do Covid-19.<\/p>\n<p>De acordo com o m\u00e9dico Almir Gon\u00e7alves, diretor assistencial do HRCC, funcion\u00e1rios que apresentem sintomas respirat\u00f3rios similares ao do novo coronav\u00edrus, estes s\u00e3o afastados de suas fun\u00e7\u00f5es. \u201cTomamos os devidos cuidados para preservar pacientes, visitantes e colaboradores, disponibilizamos EPIs adequados a cada fun\u00e7\u00e3o e temos um cuidado primordial com a higieniza\u00e7\u00e3o e desinfec\u00e7\u00e3o dos nossos ambientes e equipamentos\u201d, ressaltou.<\/p>\n<p>O diretor assistencial revelou que hoje na unidade h\u00e1 oito profissionais afastados com diagn\u00f3stico positivo para o Covid-19 e esses trabalhadores n\u00e3o atuam exclusivamente no HRCC. \u00a0\u201cAl\u00e9m dessas pessoas sintom\u00e1ticas ou enfermos, e que n\u00f3s afastamos, tomamos o devido cuidado para que todos os colaboradores usem EPIs e orientamos fortemente sobre higieniza\u00e7\u00e3o e distanciamento pessoal, porque pessoas assintom\u00e1ticas s\u00e3o as que mais podem transmitir a doen\u00e7a\u201d, enfatizou.<\/p>\n<p>Almir Gon\u00e7alves assegurou que o hospital j\u00e1 tinham uma rotina intensa de higieniza\u00e7\u00e3o que foi ampliada e fortalecida com a pandemia. \u201cDiariamente e incansavelmente, n\u00f3s cuidados da higieniza\u00e7\u00e3o e desinfec\u00e7\u00e3o de todos os setores. Como aconteceu, recentemente, alguns casos positivos de Covid-19 na unidade. Decidimos fazer uma ampla a\u00e7\u00e3o, priorizando enfermarias por conta pacientes, visitantes e colaboradores, enfim, prezamos cem por cento pela seguran\u00e7a e prote\u00e7\u00e3o de todos\u201d, concluiu.<\/p>\n<p>Fake News &#8211; O HRCC esclarece ainda que at\u00e9 esta sexta-feira, dia 10 de abril de 2020, n\u00e3o h\u00e1 nenhum colaborador da enfermagem internado na Unidade Terapia Intensiva (UTI) da unidade hospitalar. A dire\u00e7\u00e3o do hospital pede o apoio da popula\u00e7\u00e3o para que se evite a propaga\u00e7\u00e3o de fake News (not\u00edcias falsas) que pode gerar p\u00e2nico e induzir a sociedade a graves erros.<\/p>\n","protected":false},"excerpt":{"rendered":"<p>A \u00a0escalada de crescimento do cont\u00e1gio do novo coronav\u00edrus (Covid-19) no Brasil est\u00e1 em uma linha ascendente e afeta todos Estados da Federa\u00e7\u00e3o. Na Bahia, o Governo do Estado adota medidas para buscar a conten\u00e7\u00e3o do avan\u00e7o da doen\u00e7a. Em territ\u00f3rio baiano foram registrados, por meio de boletim epidemiol\u00f3gico da Sesab divulgado nessa quinta-feira (09), [&hellip;]<\/p>\n","protected":false},"author":2,"featured_media":0,"comment_status":"open","ping_status":"open","sticky":false,"template":"","format":"standard","meta":{"_links_to":"","_links_to_target":""},"categories":[1],"tags":[26839,21323,18987],"_links":{"self":[{"href":"https:\/\/www.blogdothame.blog.br\/v1\/wp-json\/wp\/v2\/posts\/101250"}],"collection":[{"href":"https:\/\/www.blogdothame.blog.br\/v1\/wp-json\/wp\/v2\/posts"}],"about":[{"href":"https:\/\/www.blogdothame.blog.br\/v1\/wp-json\/wp\/v2\/types\/post"}],"author":[{"embeddable":true,"href":"https:\/\/www.blogdothame.blog.br\/v1\/wp-json\/wp\/v2\/users\/2"}],"replies":[{"embeddable":true,"href":"https:\/\/www.blogdothame.blog.br\/v1\/wp-json\/wp\/v2\/comments?post=101250"}],"version-history":[{"count":1,"href":"https:\/\/www.blogdothame.blog.br\/v1\/wp-json\/wp\/v2\/posts\/101250\/revisions"}],"predecessor-version":[{"id":101251,"href":"https:\/\/www.blogdothame.blog.br\/v1\/wp-json\/wp\/v2\/posts\/101250\/revisions\/101251"}],"wp:attachment":[{"href":"https:\/\/www.blogdothame.blog.br\/v1\/wp-json\/wp\/v2\/media?parent=101250"}],"wp:term":[{"taxonomy":"category","embeddable":true,"href":"https:\/\/www.blogdothame.blog.br\/v1\/wp-json\/wp\/v2\/categories?post=101250"},{"taxonomy":"post_tag","embeddable":true,"href":"https:\/\/www.blogdothame.blog.br\/v1\/wp-json\/wp\/v2\/tags?post=101250"}],"curies":[{"name":"wp","href":"https:\/\/api.w.org\/{rel}","templated":true}]}}