{"id":100942,"date":"2020-03-31T14:52:38","date_gmt":"2020-03-31T17:52:38","guid":{"rendered":"http:\/\/www.blogdothame.blog.br\/v1\/?p=100942"},"modified":"2020-03-31T18:01:30","modified_gmt":"2020-03-31T21:01:30","slug":"central-covid-19-de-ilheus-ja-realizou-mil-atendimentos","status":"publish","type":"post","link":"https:\/\/www.blogdothame.blog.br\/v1\/2020\/03\/31\/central-covid-19-de-ilheus-ja-realizou-mil-atendimentos\/","title":{"rendered":"Central Covid-19  de Ilh\u00e9us j\u00e1 realizou mil atendimentos"},"content":{"rendered":"<p>A Central Covid-19 da Secretaria Municipal de Sa\u00fade (Sesau) realizou mil atendimentos, entre coletas, informa\u00e7\u00f5es e d\u00favidas referentes ao novo coronav\u00edrus, no per\u00edodo compreendido entre 18 e 30 de mar\u00e7o. Conforme o of\u00edcio circular n\u00ba 01\/2020, expedido pela Secretaria da Sa\u00fade do Estado da Bahia (Sesab) na \u00faltima sexta-feira (27), fica determinado o monitoramento di\u00e1rio de todos os casos suspeitos, durante a quarentena, mesmo os que apresentarem apenas sintomas gripais.<\/p>\n<p>&nbsp;<\/p>\n<p>O cidad\u00e3o pode entrar em contato, atrav\u00e9s dos telefones (73) 9995-4010, (73) 98862-6206 ou (73) 98126-8856 e relatar os sintomas. Ap\u00f3s preenchimento dos dados, a ficha \u00e9 encaminhada \u00e0 equipe t\u00e9cnica da Vigil\u00e2ncia Epidemiol\u00f3gica de Ilh\u00e9us para classifica\u00e7\u00e3o do caso, segundo os crit\u00e9rios estabelecidos pelo protocolo ministerial da Covid-19.<\/p>\n<p><!--more--><\/p>\n<p>Os casos s\u00e3o classificados em suspeitos, situa\u00e7\u00e3o na qual \u00e9 realizada a coleta, monitorados ou descartados. O paciente ser\u00e1 acompanhado diariamente pela equipe, seguindo a \u00faltima determina\u00e7\u00e3o da Sesab.<\/p>\n<p>De acordo com a Central Covid-19, os casos s\u00e3o monitorados presencialmente ou por telefone. A Sesau ampliar\u00e1 ainda mais o servi\u00e7o, fator que possibilitar\u00e1 com que os casos inclu\u00eddos na decis\u00e3o do \u00f3rg\u00e3o estadual de Sa\u00fade sejam monitorados.<\/p>\n","protected":false},"excerpt":{"rendered":"<p>A Central Covid-19 da Secretaria Municipal de Sa\u00fade (Sesau) realizou mil atendimentos, entre coletas, informa\u00e7\u00f5es e d\u00favidas referentes ao novo coronav\u00edrus, no per\u00edodo compreendido entre 18 e 30 de mar\u00e7o. Conforme o of\u00edcio circular n\u00ba 01\/2020, expedido pela Secretaria da Sa\u00fade do Estado da Bahia (Sesab) na \u00faltima sexta-feira (27), fica determinado o monitoramento di\u00e1rio [&hellip;]<\/p>\n","protected":false},"author":2,"featured_media":0,"comment_status":"open","ping_status":"open","sticky":false,"template":"","format":"standard","meta":{"_links_to":"","_links_to_target":""},"categories":[1],"tags":[26968,11620],"_links":{"self":[{"href":"https:\/\/www.blogdothame.blog.br\/v1\/wp-json\/wp\/v2\/posts\/100942"}],"collection":[{"href":"https:\/\/www.blogdothame.blog.br\/v1\/wp-json\/wp\/v2\/posts"}],"about":[{"href":"https:\/\/www.blogdothame.blog.br\/v1\/wp-json\/wp\/v2\/types\/post"}],"author":[{"embeddable":true,"href":"https:\/\/www.blogdothame.blog.br\/v1\/wp-json\/wp\/v2\/users\/2"}],"replies":[{"embeddable":true,"href":"https:\/\/www.blogdothame.blog.br\/v1\/wp-json\/wp\/v2\/comments?post=100942"}],"version-history":[{"count":2,"href":"https:\/\/www.blogdothame.blog.br\/v1\/wp-json\/wp\/v2\/posts\/100942\/revisions"}],"predecessor-version":[{"id":100945,"href":"https:\/\/www.blogdothame.blog.br\/v1\/wp-json\/wp\/v2\/posts\/100942\/revisions\/100945"}],"wp:attachment":[{"href":"https:\/\/www.blogdothame.blog.br\/v1\/wp-json\/wp\/v2\/media?parent=100942"}],"wp:term":[{"taxonomy":"category","embeddable":true,"href":"https:\/\/www.blogdothame.blog.br\/v1\/wp-json\/wp\/v2\/categories?post=100942"},{"taxonomy":"post_tag","embeddable":true,"href":"https:\/\/www.blogdothame.blog.br\/v1\/wp-json\/wp\/v2\/tags?post=100942"}],"curies":[{"name":"wp","href":"https:\/\/api.w.org\/{rel}","templated":true}]}}