{"id":100792,"date":"2020-03-27T15:40:09","date_gmt":"2020-03-27T18:40:09","guid":{"rendered":"http:\/\/www.blogdothame.blog.br\/v1\/?p=100792"},"modified":"2020-03-27T15:27:24","modified_gmt":"2020-03-27T18:27:24","slug":"rui-anuncia-novos-leitos-para-covid-19-e-diz-que-nao-vai-recuar-em-nenhuma-medida-preventiva","status":"publish","type":"post","link":"https:\/\/www.blogdothame.blog.br\/v1\/2020\/03\/27\/rui-anuncia-novos-leitos-para-covid-19-e-diz-que-nao-vai-recuar-em-nenhuma-medida-preventiva\/","title":{"rendered":"Rui anuncia novos leitos para Covid-19 e diz que n\u00e3o vai recuar em nenhuma medida preventiva"},"content":{"rendered":"<p><img loading=\"lazy\" class=\"alignright size-medium wp-image-100794\" src=\"http:\/\/www.blogdothame.blog.br\/v1\/wp-content\/uploads\/2020\/03\/rui-papo-c-300x200.jpg\" alt=\"rui papo c\" width=\"300\" height=\"200\" srcset=\"https:\/\/www.blogdothame.blog.br\/v1\/wp-content\/uploads\/2020\/03\/rui-papo-c-300x200.jpg 300w, https:\/\/www.blogdothame.blog.br\/v1\/wp-content\/uploads\/2020\/03\/rui-papo-c-1024x683.jpg 1024w, https:\/\/www.blogdothame.blog.br\/v1\/wp-content\/uploads\/2020\/03\/rui-papo-c.jpg 1224w\" sizes=\"(max-width: 300px) 100vw, 300px\" \/>No in\u00edcio da tarde desta sexta-feira (27), o governador Rui Costa apresentou mais uma edi\u00e7\u00e3o do #PapoCorreria e o assunto que dominou o programa foi a Covid-19. Durante o encontro virtual com a popula\u00e7\u00e3o baiana, o gestor atualizou as medidas tomadas pelo Estado para desacelerar o avan\u00e7o do novo coronav\u00edrus em todo o territ\u00f3rio estadual e anunciou a negocia\u00e7\u00e3o para instala\u00e7\u00e3o de leitos de Unidade de Terapia Intensiva (UTI) exclusivos para o tratamento de casos confirmados da doen\u00e7a tamb\u00e9m no interior.<\/p>\n<p>De acordo com Rui, al\u00e9m dos 600 leitos j\u00e1 previstos na capital, novos leitos no interior e a utiliza\u00e7\u00e3o de Unidades de Pronto Atendimento (UPAs) para triagem de casos formar\u00e3o a rede de prote\u00e7\u00e3o baiana. \u201cEstamos negociando com hospitais privados em diferentes regi\u00f5es da Bahia, de modo que essas unidades se transformem em refer\u00eancias regionais no tratamento da Covid-19. Al\u00e9m desses equipamentos privados, por meio da parceria com os prefeitos, hospitais p\u00fablicos tamb\u00e9m ser\u00e3o utilizados para o mesmo fim, como \u00e9 o caso do Hospital de Base Lu\u00eds Eduardo Magalh\u00e3es, em Itabuna, que ser\u00e1 transformado em refer\u00eancia para o tratamento da doen\u00e7a, ap\u00f3s a transfer\u00eancia dos pacientes que l\u00e1 est\u00e3o e do acr\u00e9scimo de 31 leitos, chegando a 40, somente nesta unidade\u201d, contabilizou o governador.<\/p>\n<p>A parceria com os prefeitos foi enaltecida por Rui durante o programa. \u201cA Bahia est\u00e1 muito abaixo da m\u00e9dia nacional de transmiss\u00e3o e abaixo tamb\u00e9m da curva projetada por especialistas. Isso \u00e9 sinal de que as medidas t\u00eam surtido efeito. O que mais importa, nesse momento, \u00e9 manter a Bahia unida, mesmo que seja virtualmente. Dialogamos com todos os prefeitos e prefeitas, sejam eles de partidos da base ou n\u00e3o. Por isso, fa\u00e7o quest\u00e3o de agradecer, em nome do povo baiano, a todos eles. A Bahia pode se orgulhar de estar colocando toda a for\u00e7a e energia para ganhar essa guerra\u201d, afirmou.<\/p>\n<p>Medidas restritivas seguem em vigor<\/p>\n<p><!--more--><\/p>\n<p>&#8220;N\u00f3s n\u00e3o recuamos e n\u00e3o recuaremos em nenhuma medida preventiva para salvar vidas humanas. A SSP n\u00e3o permitir\u00e1 manifesta\u00e7\u00f5es de quem pensa no lucro e quer matar pessoas. N\u00e3o vamos permitir que aqueles que pensam somente na m\u00e1quina registradora propaguem o \u00f3dio na sociedade&#8221;, disse o governador durante a live, destacando a import\u00e2ncia de medidas duras para conter a dissemina\u00e7\u00e3o das doen\u00e7as.<\/p>\n<p>Rui anunciou ainda que assinou um decreto que unifica todas as medidas e que as a\u00e7\u00f5es seguem valendo at\u00e9 nova avalia\u00e7\u00e3o do cen\u00e1rio. \u201cA Bahia adotou medidas, algumas delas duras, mas extremamente necess\u00e1rias para salvar vidas humanas. Temos 18 munic\u00edpios com casos confirmados e a suspens\u00e3o do transporte intermunicipal nessas localidades segue valendo, a priori, at\u00e9 o pr\u00f3ximo domingo [dia 5 de abril]. Com rela\u00e7\u00e3o \u00e0s aulas, o decreto de suspens\u00e3o por 30 dias tamb\u00e9m segue em vigor. Quando estiver para vencer esse prazo, iremos avaliar novamente a situa\u00e7\u00e3o e divulgaremos a medida determinada pelo Estado\u201d, esclareceu.<\/p>\n<p>O governador voltou a lembrar que as rodovias devem permanecer abertas. \u201cRespeito a autonomia dos munic\u00edpios, mas \u00e9 preciso garantir fluxo de mercadorias, alimentos, de itens de sobreviv\u00eancia da popula\u00e7\u00e3o. Portanto, as estradas n\u00e3o devem ser fechadas. Al\u00e9m disso, sugerimos que atividades econ\u00f4micas que n\u00e3o coloquem em risco a popula\u00e7\u00e3o possam funcionar em cidades que ainda n\u00e3o tenham casos registrados\u201d, ressaltou.<\/p>\n<p>Popula\u00e7\u00e3o vulner\u00e1vel<\/p>\n<p>O governador agradeceu \u00e0s doa\u00e7\u00f5es de 1 mil colch\u00f5es e 1 mil travesseiros, bem como de 1 mil camas box e 5 mil roupas de cama, feitas, respectivamente, pelo Magazine Luiza e pela cantora Ivete Sangalo. \u201cEsses itens ser\u00e3o utilizados durante o acolhimento, no pr\u00e9dio onde funcionava a Faculdade Ruy Barbosa, no Rio Vermelho, de at\u00e9 duas mil pessoas pertencentes \u00e0 popula\u00e7\u00e3o vulner\u00e1vel que tenham sido infectadas pelo novo coronav\u00edrus\u201d.<\/p>\n<p>Rui lembrou ainda que, nesse pr\u00e9dio, \u201ca interna\u00e7\u00e3o ser\u00e1 volunt\u00e1ria e que profissionais da \u00e1rea da sa\u00fade que n\u00e3o estejam atuando durante a quarentena podem se voluntariar para cuidar dessas pessoas\u201d. Os interessados podem se inscrever por meio do Portal do Voluntariado (www.estadovoluntario.ba.gov.br).<\/p>\n<p>#Fiqueemcasa<\/p>\n<p>O governador finalizou o programa refor\u00e7ando o pedido para que baianos e baianas fiquem em casa e n\u00e3o deem aten\u00e7\u00e3o \u00e0s fake news. \u201cEsperem as not\u00edcias oficiais emitidas pelo governo estadual, pois nosso governo \u00e9 de transpar\u00eancia e divulgaremos todos os dados pertinentes ao avan\u00e7o do novo coronav\u00edrus no territ\u00f3rio estadual\u201d, garantiu.<\/p>\n","protected":false},"excerpt":{"rendered":"<p>No in\u00edcio da tarde desta sexta-feira (27), o governador Rui Costa apresentou mais uma edi\u00e7\u00e3o do #PapoCorreria e o assunto que dominou o programa foi a Covid-19. Durante o encontro virtual com a popula\u00e7\u00e3o baiana, o gestor atualizou as medidas tomadas pelo Estado para desacelerar o avan\u00e7o do novo coronav\u00edrus em todo o territ\u00f3rio estadual [&hellip;]<\/p>\n","protected":false},"author":2,"featured_media":0,"comment_status":"open","ping_status":"open","sticky":false,"template":"","format":"standard","meta":{"_links_to":"","_links_to_target":""},"categories":[1],"tags":[26839,26915,13334,615],"_links":{"self":[{"href":"https:\/\/www.blogdothame.blog.br\/v1\/wp-json\/wp\/v2\/posts\/100792"}],"collection":[{"href":"https:\/\/www.blogdothame.blog.br\/v1\/wp-json\/wp\/v2\/posts"}],"about":[{"href":"https:\/\/www.blogdothame.blog.br\/v1\/wp-json\/wp\/v2\/types\/post"}],"author":[{"embeddable":true,"href":"https:\/\/www.blogdothame.blog.br\/v1\/wp-json\/wp\/v2\/users\/2"}],"replies":[{"embeddable":true,"href":"https:\/\/www.blogdothame.blog.br\/v1\/wp-json\/wp\/v2\/comments?post=100792"}],"version-history":[{"count":2,"href":"https:\/\/www.blogdothame.blog.br\/v1\/wp-json\/wp\/v2\/posts\/100792\/revisions"}],"predecessor-version":[{"id":100796,"href":"https:\/\/www.blogdothame.blog.br\/v1\/wp-json\/wp\/v2\/posts\/100792\/revisions\/100796"}],"wp:attachment":[{"href":"https:\/\/www.blogdothame.blog.br\/v1\/wp-json\/wp\/v2\/media?parent=100792"}],"wp:term":[{"taxonomy":"category","embeddable":true,"href":"https:\/\/www.blogdothame.blog.br\/v1\/wp-json\/wp\/v2\/categories?post=100792"},{"taxonomy":"post_tag","embeddable":true,"href":"https:\/\/www.blogdothame.blog.br\/v1\/wp-json\/wp\/v2\/tags?post=100792"}],"curies":[{"name":"wp","href":"https:\/\/api.w.org\/{rel}","templated":true}]}}