{"id":100769,"date":"2020-03-26T16:32:26","date_gmt":"2020-03-26T19:32:26","guid":{"rendered":"http:\/\/www.blogdothame.blog.br\/v1\/?p=100769"},"modified":"2020-03-26T16:33:16","modified_gmt":"2020-03-26T19:33:16","slug":"bahia-recebe-r-73-milhoes-para-combate-ao-covid-19","status":"publish","type":"post","link":"https:\/\/www.blogdothame.blog.br\/v1\/2020\/03\/26\/bahia-recebe-r-73-milhoes-para-combate-ao-covid-19\/","title":{"rendered":"Bahia recebe R$ 73 milh\u00f5es para combate ao coronavirus"},"content":{"rendered":"<div id=\"attachment_93926\" style=\"width: 310px\" class=\"wp-caption alignright\"><img aria-describedby=\"caption-attachment-93926\" loading=\"lazy\" class=\"size-medium wp-image-93926\" src=\"http:\/\/www.blogdothame.blog.br\/v1\/wp-content\/uploads\/2019\/08\/Dr-Fabio-Vilas-Boas-300x200.jpg\" alt=\"Dr. Fabio Vilas-Boas\" width=\"300\" height=\"200\" srcset=\"https:\/\/www.blogdothame.blog.br\/v1\/wp-content\/uploads\/2019\/08\/Dr-Fabio-Vilas-Boas-300x200.jpg 300w, https:\/\/www.blogdothame.blog.br\/v1\/wp-content\/uploads\/2019\/08\/Dr-Fabio-Vilas-Boas-1024x682.jpg 1024w, https:\/\/www.blogdothame.blog.br\/v1\/wp-content\/uploads\/2019\/08\/Dr-Fabio-Vilas-Boas.jpg 1280w\" sizes=\"(max-width: 300px) 100vw, 300px\" \/><p id=\"caption-attachment-93926\" class=\"wp-caption-text\">Dr. Fabio Vilas-Boas<\/p><\/div>\n<p>O secret\u00e1rio de Sa\u00fade da Bahia, F\u00e1bio Vilas-Boas, confirmou, nesta quinta-feira (26), que o Minist\u00e9rio da Sa\u00fade liberou R$ 73 milh\u00f5es para o estado usar no enfrentamento do novo coronav\u00edrus. Foram duas parcelas, uma de R$ 30 e outra de R$ 43 milh\u00f5es.<\/p>\n<p>A libera\u00e7\u00e3o da segunda parcela dos recursos para os estados foi feita ontem, quando o Minist\u00e9rio da Sa\u00fade anunciou mais R$ 600 milh\u00f5es para o plano de conting\u00eancia para o enfrentamento da Covid-19.<\/p>\n<p>O recurso poder\u00e1 ser utilizado em a\u00e7\u00f5es de assist\u00eancia, inclusive, para abertura de novos leitos ou custeio de leitos j\u00e1 existentes nos estados e munic\u00edpios.<\/p>\n<p>&nbsp;<\/p>\n<p>De acordo com o Minist\u00e9rio da Sa\u00fade, a distribui\u00e7\u00e3o do recurso \u00e9 proporcional ao n\u00famero de habitantes de cada estado, que precisa definir os locais que ter\u00e3o atendimento de maior complexidade e, com isso, maior necessidade de refor\u00e7o or\u00e7ament\u00e1rio.<\/p>\n<p>S\u00e3o, no m\u00ednimo, R$ 2 e, no m\u00e1ximo, R$ 5 por habitante. Na semana passada, o Minist\u00e9rio da Sa\u00fade j\u00e1 havia destinado R$ 432 milh\u00f5es para auxiliar os estados e munic\u00edpios no enfrentamento da pandemia.<\/p>\n","protected":false},"excerpt":{"rendered":"<p>O secret\u00e1rio de Sa\u00fade da Bahia, F\u00e1bio Vilas-Boas, confirmou, nesta quinta-feira (26), que o Minist\u00e9rio da Sa\u00fade liberou R$ 73 milh\u00f5es para o estado usar no enfrentamento do novo coronav\u00edrus. Foram duas parcelas, uma de R$ 30 e outra de R$ 43 milh\u00f5es. A libera\u00e7\u00e3o da segunda parcela dos recursos para os estados foi feita [&hellip;]<\/p>\n","protected":false},"author":2,"featured_media":0,"comment_status":"open","ping_status":"open","sticky":false,"template":"","format":"standard","meta":{"_links_to":"","_links_to_target":""},"categories":[1],"tags":[26839,11121,638,1636,12928],"_links":{"self":[{"href":"https:\/\/www.blogdothame.blog.br\/v1\/wp-json\/wp\/v2\/posts\/100769"}],"collection":[{"href":"https:\/\/www.blogdothame.blog.br\/v1\/wp-json\/wp\/v2\/posts"}],"about":[{"href":"https:\/\/www.blogdothame.blog.br\/v1\/wp-json\/wp\/v2\/types\/post"}],"author":[{"embeddable":true,"href":"https:\/\/www.blogdothame.blog.br\/v1\/wp-json\/wp\/v2\/users\/2"}],"replies":[{"embeddable":true,"href":"https:\/\/www.blogdothame.blog.br\/v1\/wp-json\/wp\/v2\/comments?post=100769"}],"version-history":[{"count":2,"href":"https:\/\/www.blogdothame.blog.br\/v1\/wp-json\/wp\/v2\/posts\/100769\/revisions"}],"predecessor-version":[{"id":100771,"href":"https:\/\/www.blogdothame.blog.br\/v1\/wp-json\/wp\/v2\/posts\/100769\/revisions\/100771"}],"wp:attachment":[{"href":"https:\/\/www.blogdothame.blog.br\/v1\/wp-json\/wp\/v2\/media?parent=100769"}],"wp:term":[{"taxonomy":"category","embeddable":true,"href":"https:\/\/www.blogdothame.blog.br\/v1\/wp-json\/wp\/v2\/categories?post=100769"},{"taxonomy":"post_tag","embeddable":true,"href":"https:\/\/www.blogdothame.blog.br\/v1\/wp-json\/wp\/v2\/tags?post=100769"}],"curies":[{"name":"wp","href":"https:\/\/api.w.org\/{rel}","templated":true}]}}