{"id":100572,"date":"2020-03-21T19:09:21","date_gmt":"2020-03-21T22:09:21","guid":{"rendered":"http:\/\/www.blogdothame.blog.br\/v1\/?p=100572"},"modified":"2020-03-21T19:11:05","modified_gmt":"2020-03-21T22:11:05","slug":"bahia-tem-41-casos-de-covid-19","status":"publish","type":"post","link":"https:\/\/www.blogdothame.blog.br\/v1\/2020\/03\/21\/bahia-tem-41-casos-de-covid-19\/","title":{"rendered":"Bahia tem 41 casos de Covid 19"},"content":{"rendered":"<p><img loading=\"lazy\" class=\"alignleft size-medium wp-image-100573\" src=\"http:\/\/www.blogdothame.blog.br\/v1\/wp-content\/uploads\/2020\/03\/covid-19-300x200.jpeg\" alt=\"covid 19\" width=\"300\" height=\"200\" srcset=\"https:\/\/www.blogdothame.blog.br\/v1\/wp-content\/uploads\/2020\/03\/covid-19-300x200.jpeg 300w, https:\/\/www.blogdothame.blog.br\/v1\/wp-content\/uploads\/2020\/03\/covid-19.jpeg 360w\" sizes=\"(max-width: 300px) 100vw, 300px\" \/>Sete novos casos de Covid-19 foram confirmados pelo Laborat\u00f3rio Central de Sa\u00fade P\u00fablica da Bahia (Lacen-BA) nas \u00faltimas 24 horas. Os novos casos s\u00e3o de Salvador (5), Prado (1) e Porto Seguro (1). No total, na Bahia, 41 casos foram confirmados, 535 foram descartados e nenhum \u00f3bito. Todos os pacientes encontram-se em isolamento domiciliar, adotando as medidas de precau\u00e7\u00e3o respirat\u00f3ria e de contato.<\/p>\n<p>Do total de confirma\u00e7\u00f5es, 23 foram em Salvador; 6 em Feira de Santana; 5 em Porto Seguro; 3 em Lauro de Freitas; 2 em Prado; 1 em Itabuna; e 1 em Cama\u00e7ari.<\/p>\n<p>Ressalta-se que os n\u00fameros s\u00e3o din\u00e2micos e na medida em que as investiga\u00e7\u00f5es cl\u00ednicas e epidemiol\u00f3gicas avan\u00e7am, os casos s\u00e3o reavaliados, sendo pass\u00edveis de reenquadramento na sua classifica\u00e7\u00e3o.<\/p>\n<p><!--more--><\/p>\n<p>\u00c9 importante pontuar que o paciente com diagn\u00f3stico positivo para o novo coronav\u00edrus pode cursar com grau leve, moderado ou grave. A depender da situa\u00e7\u00e3o cl\u00ednica, pode ser atendido em unidades da aten\u00e7\u00e3o b\u00e1sica, unidades secund\u00e1rias ou precisar de interna\u00e7\u00e3o. Mesmo definindo unidades de refer\u00eancia, n\u00e3o significa que ele s\u00f3 pode ser atendido em hospital.<\/p>\n<p>Os casos graves devem ser encaminhados a um hospital de refer\u00eancia para isolamento e tratamento. Os casos leves devem ser acompanhados pela Aten\u00e7\u00e3o Prim\u00e1ria em Sa\u00fade (APS) e institu\u00eddas medidas de precau\u00e7\u00e3o domiciliar.<\/p>\n<p>O diagn\u00f3stico do coronav\u00edrus \u00e9 feito com a coleta de materiais respirat\u00f3rios (aspira\u00e7\u00e3o de vias a\u00e9reas ou indu\u00e7\u00e3o de escarro). Na suspeita de coronav\u00edrus, \u00e9 necess\u00e1ria a coleta de uma amostra que ser\u00e1 encaminhada para o Laborat\u00f3rio Central de Sa\u00fade P\u00fablica (Lacen-BA). Para confirmar a doen\u00e7a, \u00e9 necess\u00e1rio realizar exames de biologia molecular que detecte o genoma viral. O diagn\u00f3stico do coronav\u00edrus \u00e9 feito com a coleta de amostra, que est\u00e1 indicada sempre que ocorrer a identifica\u00e7\u00e3o de caso suspeito.\u00a0Outras informa\u00e7\u00f5es podem ser obtidas no link:\u00a0www.saude.ba.gov.br\/coronavirus.<\/p>\n<p>Diagn\u00f3stico laboratorial de infec\u00e7\u00e3o pelo SARS-CoV-2<\/p>\n<p>Pacientes com suspeita de COVID-19 devem ter amostras coletadas e enviadas para o LACEN-BA quando estiverem em um dos seguintes crit\u00e9rios abaixo-relacionados:<\/p>\n<p>1. Pacientes com sinais de gravidade, SRAG ou internados;<br \/>\n2. Pacientes sem sinais de gravidade contactantes de caso de COVID-19 suspeito ou confirmado, ou com hist\u00f3rico de viagem recente ao exterior em pa\u00edses com circula\u00e7\u00e3o do SARS-CoV2, e regi\u00f5es do pa\u00eds com transmiss\u00e3o comunit\u00e1ria sustentada;;<br \/>\n3. Profissionais de sa\u00fade com sintomas respirat\u00f3rios suspeitos de COVID-19;<br \/>\n4. Gestantes com sintomas respirat\u00f3rios suspeitos de COVID-19;<br \/>\n5. Pessoas com febre, suspeitas de infec\u00e7\u00e3o, triadas nos Aeroportos, Portos e nas Estradas<br \/>\nObserva\u00e7\u00e3o:<\/p>\n<p>Pacientes que n\u00e3o se enquadrem nas situa\u00e7\u00f5es acima n\u00e3o tem indica\u00e7\u00e3o para coleta de amostras<\/p>\n","protected":false},"excerpt":{"rendered":"<p>Sete novos casos de Covid-19 foram confirmados pelo Laborat\u00f3rio Central de Sa\u00fade P\u00fablica da Bahia (Lacen-BA) nas \u00faltimas 24 horas. Os novos casos s\u00e3o de Salvador (5), Prado (1) e Porto Seguro (1). No total, na Bahia, 41 casos foram confirmados, 535 foram descartados e nenhum \u00f3bito. Todos os pacientes encontram-se em isolamento domiciliar, adotando [&hellip;]<\/p>\n","protected":false},"author":2,"featured_media":0,"comment_status":"open","ping_status":"open","sticky":false,"template":"","format":"standard","meta":{"_links_to":"","_links_to_target":""},"categories":[1],"tags":[51,26796,26839,15511],"_links":{"self":[{"href":"https:\/\/www.blogdothame.blog.br\/v1\/wp-json\/wp\/v2\/posts\/100572"}],"collection":[{"href":"https:\/\/www.blogdothame.blog.br\/v1\/wp-json\/wp\/v2\/posts"}],"about":[{"href":"https:\/\/www.blogdothame.blog.br\/v1\/wp-json\/wp\/v2\/types\/post"}],"author":[{"embeddable":true,"href":"https:\/\/www.blogdothame.blog.br\/v1\/wp-json\/wp\/v2\/users\/2"}],"replies":[{"embeddable":true,"href":"https:\/\/www.blogdothame.blog.br\/v1\/wp-json\/wp\/v2\/comments?post=100572"}],"version-history":[{"count":1,"href":"https:\/\/www.blogdothame.blog.br\/v1\/wp-json\/wp\/v2\/posts\/100572\/revisions"}],"predecessor-version":[{"id":100574,"href":"https:\/\/www.blogdothame.blog.br\/v1\/wp-json\/wp\/v2\/posts\/100572\/revisions\/100574"}],"wp:attachment":[{"href":"https:\/\/www.blogdothame.blog.br\/v1\/wp-json\/wp\/v2\/media?parent=100572"}],"wp:term":[{"taxonomy":"category","embeddable":true,"href":"https:\/\/www.blogdothame.blog.br\/v1\/wp-json\/wp\/v2\/categories?post=100572"},{"taxonomy":"post_tag","embeddable":true,"href":"https:\/\/www.blogdothame.blog.br\/v1\/wp-json\/wp\/v2\/tags?post=100572"}],"curies":[{"name":"wp","href":"https:\/\/api.w.org\/{rel}","templated":true}]}}