{"id":100504,"date":"2020-03-19T22:00:22","date_gmt":"2020-03-20T01:00:22","guid":{"rendered":"http:\/\/www.blogdothame.blog.br\/v1\/?p=100504"},"modified":"2020-03-19T20:31:27","modified_gmt":"2020-03-19T23:31:27","slug":"frota-de-transportes-coletivos-sera-reduzida-em-itabuna","status":"publish","type":"post","link":"https:\/\/www.blogdothame.blog.br\/v1\/2020\/03\/19\/frota-de-transportes-coletivos-sera-reduzida-em-itabuna\/","title":{"rendered":"Frota de transportes coletivos ser\u00e1 reduzida em Itabuna"},"content":{"rendered":"<p><img loading=\"lazy\" class=\"alignright size-medium wp-image-47980\" src=\"http:\/\/www.blogdothame.blog.br\/v1\/wp-content\/uploads\/2016\/02\/aetu-passe-estudantil-1-300x200.jpg\" alt=\"aetu passe estudantil 1\" width=\"300\" height=\"200\" srcset=\"https:\/\/www.blogdothame.blog.br\/v1\/wp-content\/uploads\/2016\/02\/aetu-passe-estudantil-1-300x200.jpg 300w, https:\/\/www.blogdothame.blog.br\/v1\/wp-content\/uploads\/2016\/02\/aetu-passe-estudantil-1.jpg 650w\" sizes=\"(max-width: 300px) 100vw, 300px\" \/>A Secretaria de Seguran\u00e7a, Transporte e Tr\u00e2nsito \u2013 Sesttran, atrav\u00e9s da Diretoria de Transportes, informou que\u00a0 em fun\u00e7\u00e3o do Decreto N\u00ba 19.549, de 16 de mar\u00e7o de 2020, publicado pelo Governo do Estado da Bahia, que decreta \u201csitua\u00e7\u00e3o de emerg\u00eancia em todo territ\u00f3rio baiano\u201d, devido ao risco de cont\u00e1gio da popula\u00e7\u00e3o pelo novo coronav\u00edrus, e em devido da demanda reduzida de passageiros, haver\u00e1 redu\u00e7\u00e3o da frota de \u00f4nibus que circula no Sistema de Transporte Coletivo Urbano de Passageiros, conforme especificado:<\/p>\n<p>Dias da Semana e percentual reduzido da frota:<\/p>\n<p>Dias \u00fateis: 30%<br \/>\nS\u00e1bado: 20,5%<br \/>\nDomingo: 13%<\/p>\n<p><span style=\"color: #222222; font-family: Arial, Helvetica, sans-serif; font-size: small;\">\u00a0<\/span><\/p>\n","protected":false},"excerpt":{"rendered":"<p>A Secretaria de Seguran\u00e7a, Transporte e Tr\u00e2nsito \u2013 Sesttran, atrav\u00e9s da Diretoria de Transportes, informou que\u00a0 em fun\u00e7\u00e3o do Decreto N\u00ba 19.549, de 16 de mar\u00e7o de 2020, publicado pelo Governo do Estado da Bahia, que decreta \u201csitua\u00e7\u00e3o de emerg\u00eancia em todo territ\u00f3rio baiano\u201d, devido ao risco de cont\u00e1gio da popula\u00e7\u00e3o pelo novo coronav\u00edrus, e [&hellip;]<\/p>\n","protected":false},"author":2,"featured_media":0,"comment_status":"open","ping_status":"open","sticky":false,"template":"","format":"standard","meta":{"_links_to":"","_links_to_target":""},"categories":[1],"tags":[26839,26843],"_links":{"self":[{"href":"https:\/\/www.blogdothame.blog.br\/v1\/wp-json\/wp\/v2\/posts\/100504"}],"collection":[{"href":"https:\/\/www.blogdothame.blog.br\/v1\/wp-json\/wp\/v2\/posts"}],"about":[{"href":"https:\/\/www.blogdothame.blog.br\/v1\/wp-json\/wp\/v2\/types\/post"}],"author":[{"embeddable":true,"href":"https:\/\/www.blogdothame.blog.br\/v1\/wp-json\/wp\/v2\/users\/2"}],"replies":[{"embeddable":true,"href":"https:\/\/www.blogdothame.blog.br\/v1\/wp-json\/wp\/v2\/comments?post=100504"}],"version-history":[{"count":1,"href":"https:\/\/www.blogdothame.blog.br\/v1\/wp-json\/wp\/v2\/posts\/100504\/revisions"}],"predecessor-version":[{"id":100505,"href":"https:\/\/www.blogdothame.blog.br\/v1\/wp-json\/wp\/v2\/posts\/100504\/revisions\/100505"}],"wp:attachment":[{"href":"https:\/\/www.blogdothame.blog.br\/v1\/wp-json\/wp\/v2\/media?parent=100504"}],"wp:term":[{"taxonomy":"category","embeddable":true,"href":"https:\/\/www.blogdothame.blog.br\/v1\/wp-json\/wp\/v2\/categories?post=100504"},{"taxonomy":"post_tag","embeddable":true,"href":"https:\/\/www.blogdothame.blog.br\/v1\/wp-json\/wp\/v2\/tags?post=100504"}],"curies":[{"name":"wp","href":"https:\/\/api.w.org\/{rel}","templated":true}]}}