{"id":100485,"date":"2020-03-19T16:40:49","date_gmt":"2020-03-19T19:40:49","guid":{"rendered":"http:\/\/www.blogdothame.blog.br\/v1\/?p=100485"},"modified":"2020-03-19T16:40:49","modified_gmt":"2020-03-19T19:40:49","slug":"coronavirus-saiba-como-fica-esquema-de-transporte-rede-sac-e-realizacao-de-eventos-no-interior-da-bahia","status":"publish","type":"post","link":"https:\/\/www.blogdothame.blog.br\/v1\/2020\/03\/19\/coronavirus-saiba-como-fica-esquema-de-transporte-rede-sac-e-realizacao-de-eventos-no-interior-da-bahia\/","title":{"rendered":"Coronav\u00edrus: Saiba como fica esquema de transporte, rede SAC e realiza\u00e7\u00e3o de eventos no interior da Bahia"},"content":{"rendered":"<p><img loading=\"lazy\" class=\"alignright size-medium wp-image-100018\" src=\"http:\/\/www.blogdothame.blog.br\/v1\/wp-content\/uploads\/2020\/03\/coroa-300x169.png\" alt=\"coroa\" width=\"300\" height=\"169\" srcset=\"https:\/\/www.blogdothame.blog.br\/v1\/wp-content\/uploads\/2020\/03\/coroa-300x169.png 300w, https:\/\/www.blogdothame.blog.br\/v1\/wp-content\/uploads\/2020\/03\/coroa.png 500w\" sizes=\"(max-width: 300px) 100vw, 300px\" \/>Em fun\u00e7\u00e3o da pandemia do coronav\u00edrus, novo decreto do governador Rui Costa publicado no Di\u00e1rio Oficial desta quinta-feira (19) suspende por 30 dias em todos os munic\u00edpios baianos:<\/p>\n<p>\u2022 os eventos e atividades com a presen\u00e7a de p\u00fablico superior a 50 pessoas, ainda que previamente autorizados, que envolvem aglomera\u00e7\u00e3o de pessoas, tais como: eventos desportivos, religiosos, shows, feiras, circos, eventos cient\u00edficos, passeatas e afins, bem como aulas em academias de dan\u00e7a e gin\u00e1stica;<\/p>\n<p>\u2022 as atividades letivas, nas unidades de ensino, p\u00fablicas e particulares, a serem compensadas nos dias reservados para os recessos futuros;<\/p>\n<p>\u2022 a abertura e funcionamento de zool\u00f3gicos, museus, teatros e afins.<\/p>\n<p>\u2022 Os jogos de campeonatos de futebol, profissionais e n\u00e3o profissionais, dever\u00e3o ocorrer sem a participa\u00e7\u00e3o de p\u00fablico ou torcida.<\/p>\n<p>&nbsp;<br \/>\nTransporte\/Rodovi\u00e1rias<br \/>\n\u2022 Ficam suspensas por 10 dias, a partir de 1h de sexta-feira (20), a circula\u00e7\u00e3o e a sa\u00edda, e, a partir de 9h de sexta-feira (20), a chegada:<\/p>\n<p>&#8211; de qualquer transporte intermunicipal rodovi\u00e1rio e hidrovi\u00e1rio, nas modalidades regular, fretamento, complementar, alternativo e de vans, nos munic\u00edpios de Salvador, Feira de Santana, Porto Seguro, Prado, Lauro de Freitas, Sim\u00f5es Filho, Vera Cruz e Itaparica. As determina\u00e7\u00f5es t\u00eam por objetivo evitar a dissemina\u00e7\u00e3o do v\u00edrus do Covid-19. Penalidades para quem desobedecer as novas regras podem chegar \u00e0 pris\u00e3o.<\/p>\n<p>O transporte hidrovi\u00e1rio para Morro de S\u00e3o Paulo e Barra Grande tamb\u00e9m ser\u00e1 suspenso no mesmo per\u00edodo. O funcionamento do ferry-boat e das lanchas para Vera Cruz vai ocorrer com redu\u00e7\u00e3o de hor\u00e1rios. Nos finais de semana e feriados n\u00e3o haver\u00e1 funcionamento. Uma resolu\u00e7\u00e3o est\u00e1 sendo produzida pela Agerba no decorrer do dia com a defini\u00e7\u00e3o dos novos hor\u00e1rios de travessia.<\/p>\n<p>Atendimento no SAC<\/p>\n<p>Na Regi\u00e3o Metropolitana de Salvador (RMS), Sim\u00f5es Filho e Lauro de Freitas as unidades do SAC fecham a partir de segunda-feira (23), cumprindo decreto estadual. Candeias e Cama\u00e7ari continuam atendendo, por\u00e9m, ambas as unidades, sob agendamento. As tr\u00eas carretas do SAC M\u00f3vel, que percorrem munic\u00edpios baianos, tamb\u00e9m suspendem as atividades por tempo indeterminado.<\/p>\n<p>No interior, o SAC possui 21 postos. Os dois de Feira de Santana e o de Porto Seguro suspendem o atendimento a partir de segunda-feira (23). Os outros 18 continuam prestando servi\u00e7os \u00e0 popula\u00e7\u00e3o, por\u00e9m com hora marcada.<\/p>\n<p>Nas seguintes cidades os atendimentos nos SACs tamb\u00e9m foram suspensos por meio de decretos municipais: Caetit\u00e9, Camamu, Ipir\u00e1, Jeremoabo, Itamaraju, Itaberaba, Ribeira do Pombal, Barra da Estiva e Serrinha.<\/p>\n","protected":false},"excerpt":{"rendered":"<p>Em fun\u00e7\u00e3o da pandemia do coronav\u00edrus, novo decreto do governador Rui Costa publicado no Di\u00e1rio Oficial desta quinta-feira (19) suspende por 30 dias em todos os munic\u00edpios baianos: \u2022 os eventos e atividades com a presen\u00e7a de p\u00fablico superior a 50 pessoas, ainda que previamente autorizados, que envolvem aglomera\u00e7\u00e3o de pessoas, tais como: eventos desportivos, [&hellip;]<\/p>\n","protected":false},"author":2,"featured_media":0,"comment_status":"open","ping_status":"open","sticky":false,"template":"","format":"standard","meta":{"_links_to":"","_links_to_target":""},"categories":[1],"tags":[26840,16],"_links":{"self":[{"href":"https:\/\/www.blogdothame.blog.br\/v1\/wp-json\/wp\/v2\/posts\/100485"}],"collection":[{"href":"https:\/\/www.blogdothame.blog.br\/v1\/wp-json\/wp\/v2\/posts"}],"about":[{"href":"https:\/\/www.blogdothame.blog.br\/v1\/wp-json\/wp\/v2\/types\/post"}],"author":[{"embeddable":true,"href":"https:\/\/www.blogdothame.blog.br\/v1\/wp-json\/wp\/v2\/users\/2"}],"replies":[{"embeddable":true,"href":"https:\/\/www.blogdothame.blog.br\/v1\/wp-json\/wp\/v2\/comments?post=100485"}],"version-history":[{"count":1,"href":"https:\/\/www.blogdothame.blog.br\/v1\/wp-json\/wp\/v2\/posts\/100485\/revisions"}],"predecessor-version":[{"id":100486,"href":"https:\/\/www.blogdothame.blog.br\/v1\/wp-json\/wp\/v2\/posts\/100485\/revisions\/100486"}],"wp:attachment":[{"href":"https:\/\/www.blogdothame.blog.br\/v1\/wp-json\/wp\/v2\/media?parent=100485"}],"wp:term":[{"taxonomy":"category","embeddable":true,"href":"https:\/\/www.blogdothame.blog.br\/v1\/wp-json\/wp\/v2\/categories?post=100485"},{"taxonomy":"post_tag","embeddable":true,"href":"https:\/\/www.blogdothame.blog.br\/v1\/wp-json\/wp\/v2\/tags?post=100485"}],"curies":[{"name":"wp","href":"https:\/\/api.w.org\/{rel}","templated":true}]}}