{"id":100349,"date":"2020-03-17T08:26:33","date_gmt":"2020-03-17T11:26:33","guid":{"rendered":"http:\/\/www.blogdothame.blog.br\/v1\/?p=100349"},"modified":"2020-03-17T08:26:33","modified_gmt":"2020-03-17T11:26:33","slug":"uniftc-e-unime-suspendem-aulas-por-causa-do-coronavirus","status":"publish","type":"post","link":"https:\/\/www.blogdothame.blog.br\/v1\/2020\/03\/17\/uniftc-e-unime-suspendem-aulas-por-causa-do-coronavirus\/","title":{"rendered":"UniFTC e Unime suspendem aulas por causa do Coronav\u00edrus"},"content":{"rendered":"<p>Em consenso com as medidas adotadas pelo poder p\u00fablico para conter o avan\u00e7o do Novo Coronav\u00edrus (COVID-19), a Rede UniFTC informou a suspens\u00e3o das aulas dos cursos de gradua\u00e7\u00e3o, p\u00f3s-gradua\u00e7\u00e3o e demais atividades acad\u00eamicas presenciais em todas as unidades, a partir desta quarta-feira, 18. A medida valer\u00e1 enquanto durar a situa\u00e7\u00e3o de emerg\u00eancia instaurada. O comunicado completo destinado aos alunos est\u00e1 dispon\u00edvel em nosso portal: http:\/\/bit.ly\/UniFTC-Covid19.<\/p>\n<p>\u201cRefor\u00e7amos que n\u00e3o houve nenhum caso de infec\u00e7\u00e3o diagnosticado entre nossos alunos e colaboradores. A pausa nas atividades \u00e9 uma medida preventiva e visa sobretudo a seguran\u00e7a e a sa\u00fade de todo nosso p\u00fablico interno e seus contatos. Por isso, pedimos a todos que sigam as orienta\u00e7\u00f5es m\u00e9dicas e evitem o contato social, exceto em casos de necessidade, para que possamos controlar a expans\u00e3o do coronav\u00edrus nesse momento\u201d, declara a dire\u00e7\u00e3o.<\/p>\n<p>Um comit\u00ea, formado por profissionais de Sa\u00fade, de Tecnologia e por Educadores, especialmente para lidar com as quest\u00f5es relativas \u00e0 pandemia,\u00a0 j\u00e1 est\u00e1 viabilizando uma forma para que seja \u00a0poss\u00edvel continuar movimentando o conhecimento remotamente. Assim, os alunos receber\u00e3o todas as informa\u00e7\u00f5es sobre as aulas remotas atrav\u00e9s de canais de atendimento.<\/p>\n<p>Unime digital<\/p>\n<p>Desde ontem (15), o grupo Unime encaminhou tutoriais para que os professores gravem as aulas em v\u00eddeo, ao inv\u00e9s de encontrarem os alunos de forma presencial. Da\u00ed por diante, conforme comunicado a docentes e discentes, o conte\u00fado ser\u00e1 compartilhado pelos caminhos virtuais.<\/p>\n<p>A medida tamb\u00e9m \u00e9 uma forma de preven\u00e7\u00e3o, para evitar a aglomera\u00e7\u00f5es e, consequentemente, a dissemina\u00e7\u00e3o do Coronav\u00edrus. Vale lembrar que, at\u00e9 a noite desta segunda-feira (16), j\u00e1 tinham sido confirmados dez casos da doen\u00e7a na Bahia.<\/p>\n","protected":false},"excerpt":{"rendered":"<p>Em consenso com as medidas adotadas pelo poder p\u00fablico para conter o avan\u00e7o do Novo Coronav\u00edrus (COVID-19), a Rede UniFTC informou a suspens\u00e3o das aulas dos cursos de gradua\u00e7\u00e3o, p\u00f3s-gradua\u00e7\u00e3o e demais atividades acad\u00eamicas presenciais em todas as unidades, a partir desta quarta-feira, 18. A medida valer\u00e1 enquanto durar a situa\u00e7\u00e3o de emerg\u00eancia instaurada. O [&hellip;]<\/p>\n","protected":false},"author":2,"featured_media":0,"comment_status":"open","ping_status":"open","sticky":false,"template":"","format":"standard","meta":{"_links_to":"","_links_to_target":""},"categories":[1],"tags":[21688,26805,39,26490,970],"_links":{"self":[{"href":"https:\/\/www.blogdothame.blog.br\/v1\/wp-json\/wp\/v2\/posts\/100349"}],"collection":[{"href":"https:\/\/www.blogdothame.blog.br\/v1\/wp-json\/wp\/v2\/posts"}],"about":[{"href":"https:\/\/www.blogdothame.blog.br\/v1\/wp-json\/wp\/v2\/types\/post"}],"author":[{"embeddable":true,"href":"https:\/\/www.blogdothame.blog.br\/v1\/wp-json\/wp\/v2\/users\/2"}],"replies":[{"embeddable":true,"href":"https:\/\/www.blogdothame.blog.br\/v1\/wp-json\/wp\/v2\/comments?post=100349"}],"version-history":[{"count":1,"href":"https:\/\/www.blogdothame.blog.br\/v1\/wp-json\/wp\/v2\/posts\/100349\/revisions"}],"predecessor-version":[{"id":100350,"href":"https:\/\/www.blogdothame.blog.br\/v1\/wp-json\/wp\/v2\/posts\/100349\/revisions\/100350"}],"wp:attachment":[{"href":"https:\/\/www.blogdothame.blog.br\/v1\/wp-json\/wp\/v2\/media?parent=100349"}],"wp:term":[{"taxonomy":"category","embeddable":true,"href":"https:\/\/www.blogdothame.blog.br\/v1\/wp-json\/wp\/v2\/categories?post=100349"},{"taxonomy":"post_tag","embeddable":true,"href":"https:\/\/www.blogdothame.blog.br\/v1\/wp-json\/wp\/v2\/tags?post=100349"}],"curies":[{"name":"wp","href":"https:\/\/api.w.org\/{rel}","templated":true}]}}