{"id":100287,"date":"2020-03-14T08:47:47","date_gmt":"2020-03-14T11:47:47","guid":{"rendered":"http:\/\/www.blogdothame.blog.br\/v1\/?p=100287"},"modified":"2020-03-16T08:11:07","modified_gmt":"2020-03-16T11:11:07","slug":"fala-que-eu-te-escuto-2","status":"publish","type":"post","link":"https:\/\/www.blogdothame.blog.br\/v1\/2020\/03\/14\/fala-que-eu-te-escuto-2\/","title":{"rendered":"Fala que eu te escuto"},"content":{"rendered":"<p>&nbsp;<\/p>\n<p style=\"text-align: right;\">Eulina Lavigne<\/p>\n<p><img loading=\"lazy\" class=\"alignright  wp-image-73856\" src=\"http:\/\/www.blogdothame.blog.br\/v1\/wp-content\/uploads\/2018\/03\/eulina-lavigne-230x300.jpg\" alt=\"eulina lavigne\" width=\"169\" height=\"220\" srcset=\"https:\/\/www.blogdothame.blog.br\/v1\/wp-content\/uploads\/2018\/03\/eulina-lavigne-230x300.jpg 230w, https:\/\/www.blogdothame.blog.br\/v1\/wp-content\/uploads\/2018\/03\/eulina-lavigne.jpg 616w\" sizes=\"(max-width: 169px) 100vw, 169px\" \/>Sabe aqueles dias que voc\u00ea parece que est\u00e1 vazia de palavras? Sou eu hoje para me fazer presente aqui. Estar vazia de palavras \u00e9 aquele momento que ao final do dia voc\u00ea quer ficar em sil\u00eancio.<\/p>\n<p>Tenho o h\u00e1bito de escrever \u00e0 noite. No sil\u00eancio. E agora, neste exato momento, o sil\u00eancio quer se fazer dentro de mim. Voc\u00ea j\u00e1 passou por isto?<\/p>\n<p>Rever o seu dia, as coisas boas que vivenciou, os desafios que superou e no final do dia dizer: por hoje basta. Est\u00e1 de bom tamanho. Por que a palavra se far\u00e1 pelo sil\u00eancio. N\u00e3o h\u00e1 necessidade de se dizer mais nada.<\/p>\n<p>Rubem Alves no seu texto Escutat\u00f3ria comenta que o mundo quer aprender a falar e ningu\u00e9m quer aprender a ouvir. E aprender a ouvir exige sil\u00eancio.<\/p>\n<p><img loading=\"lazy\" class=\"size-medium wp-image-100288\" src=\"http:\/\/www.blogdothame.blog.br\/v1\/wp-content\/uploads\/2020\/03\/fala-q-300x159.jpg\" alt=\"Communicating a message\" width=\"300\" height=\"159\" srcset=\"https:\/\/www.blogdothame.blog.br\/v1\/wp-content\/uploads\/2020\/03\/fala-q-300x159.jpg 300w, https:\/\/www.blogdothame.blog.br\/v1\/wp-content\/uploads\/2020\/03\/fala-q.jpg 999w\" sizes=\"(max-width: 300px) 100vw, 300px\" \/><\/p>\n<p>Ele se reporta ao sil\u00eancio da Alma, n\u00e3o basta o sil\u00eancio de fora e sim aquele sil\u00eancio, aquela escuta interna onde a gente ouve coisas que jamais ouviu.\u00a0 E que tamb\u00e9m, al\u00e9m de passar por uma escuta interna, precisa apreciar a escuta do outro.<\/p>\n<p>Todas as vezes que vou a Salvador, almo\u00e7o com um amigo irm\u00e3o, muito especial, que as vezes, para n\u00e3o dizer sempre, se queixa que eu n\u00e3o o \u00a0deixo falar. Eu adoro contar hist\u00f3rias nas suas min\u00fancias e ele me pede para deixar de entretantos e ir logo aos finalmentes rs. E, embora seja verdade o que ele me diz, todas as vezes que ou\u00e7o ele dizer isto eu respondo: Voc\u00ea precisa entender que quem mora longe dos amigos e fam\u00edlia, que tem a sua pr\u00f3pria companhia diariamente, precisa de algu\u00e9m que lhe escute e lhe compreenda. Portanto, tenha paci\u00eancia. Ele estava saindo de um ano sab\u00e1tico e queria falar tamb\u00e9m e eu, verdadeiramente, n\u00e3o o deixava falar.<\/p>\n<p><!--more--><\/p>\n<p>Parar para uma escuta interna e escutar o outro, \u00e9 um grande desafio e deve ser um exerc\u00edcio di\u00e1rio. A qualidade da presen\u00e7a, em um processo de escuta \u00e9 de fundamental import\u00e2ncia para que o refletir sobre aquilo que se ouve fa\u00e7a sentido para quem fala e quem escuta.<\/p>\n<p>Um di\u00e1logo s\u00f3 se estabelece quando paramos a conversa intrapessoal, exatamente esta que impede uma escuta acurada e bem processada. \u00c9 costume, da maioria das pessoas, enquanto o outro fala e, principalmente se o outro fala sobre temas que mexem com as nossas emo\u00e7\u00f5es, tagarelarmos, internamente, sem parar buscando justificativas para a fala do outro, e assim perdemos o fio da meada e deixamos de estar presentes na conversa.<\/p>\n<p>Hoje com as redes sociais, n\u00e3o temos tempo para os encontros, para as longas conversas e escuta, para aprendermos e se divertir com o outro e dar boas gargalhadas.<\/p>\n<p>Eu adoro os encontros, com amigos queridos, que nos trazem aprendizados e nos chamam \u00e0 escuta apurada.<\/p>\n<p>Como diz o querido Rubem Alves, \u00e9 chegado o momento de ouvirmos o humano que habita em cada um de n\u00f3s, que clama pela nossa humanidade, pela nossa solidariedade.<\/p>\n<p>\u00c9 preciso lembrarmos que \u00e9 o outro que d\u00e1 sentido \u00e0 nossa exist\u00eancia e a nossa raz\u00e3o de viver.<\/p>\n<p>E como me disse o meu querido amigo no nosso \u00faltimo encontro: agora fala que eu te escuto.<\/p>\n","protected":false},"excerpt":{"rendered":"<p>&nbsp; Eulina Lavigne Sabe aqueles dias que voc\u00ea parece que est\u00e1 vazia de palavras? Sou eu hoje para me fazer presente aqui. Estar vazia de palavras \u00e9 aquele momento que ao final do dia voc\u00ea quer ficar em sil\u00eancio. Tenho o h\u00e1bito de escrever \u00e0 noite. No sil\u00eancio. E agora, neste exato momento, o sil\u00eancio [&hellip;]<\/p>\n","protected":false},"author":2,"featured_media":0,"comment_status":"open","ping_status":"open","sticky":false,"template":"","format":"standard","meta":{"_links_to":"","_links_to_target":""},"categories":[1],"tags":[20807,20597,7512],"_links":{"self":[{"href":"https:\/\/www.blogdothame.blog.br\/v1\/wp-json\/wp\/v2\/posts\/100287"}],"collection":[{"href":"https:\/\/www.blogdothame.blog.br\/v1\/wp-json\/wp\/v2\/posts"}],"about":[{"href":"https:\/\/www.blogdothame.blog.br\/v1\/wp-json\/wp\/v2\/types\/post"}],"author":[{"embeddable":true,"href":"https:\/\/www.blogdothame.blog.br\/v1\/wp-json\/wp\/v2\/users\/2"}],"replies":[{"embeddable":true,"href":"https:\/\/www.blogdothame.blog.br\/v1\/wp-json\/wp\/v2\/comments?post=100287"}],"version-history":[{"count":2,"href":"https:\/\/www.blogdothame.blog.br\/v1\/wp-json\/wp\/v2\/posts\/100287\/revisions"}],"predecessor-version":[{"id":100318,"href":"https:\/\/www.blogdothame.blog.br\/v1\/wp-json\/wp\/v2\/posts\/100287\/revisions\/100318"}],"wp:attachment":[{"href":"https:\/\/www.blogdothame.blog.br\/v1\/wp-json\/wp\/v2\/media?parent=100287"}],"wp:term":[{"taxonomy":"category","embeddable":true,"href":"https:\/\/www.blogdothame.blog.br\/v1\/wp-json\/wp\/v2\/categories?post=100287"},{"taxonomy":"post_tag","embeddable":true,"href":"https:\/\/www.blogdothame.blog.br\/v1\/wp-json\/wp\/v2\/tags?post=100287"}],"curies":[{"name":"wp","href":"https:\/\/api.w.org\/{rel}","templated":true}]}}