{"id":100101,"date":"2020-03-06T09:20:54","date_gmt":"2020-03-06T12:20:54","guid":{"rendered":"http:\/\/www.blogdothame.blog.br\/v1\/?p=100101"},"modified":"2020-03-06T09:52:05","modified_gmt":"2020-03-06T12:52:05","slug":"confirmado-o-primeiro-caso-do-novo-coronavirus-na-bahia","status":"publish","type":"post","link":"https:\/\/www.blogdothame.blog.br\/v1\/2020\/03\/06\/confirmado-o-primeiro-caso-do-novo-coronavirus-na-bahia\/","title":{"rendered":"Bahia confirma primeiro caso importado do Novo Coronav\u00edrus"},"content":{"rendered":"<div><img loading=\"lazy\" class=\"alignright size-medium wp-image-99817\" src=\"http:\/\/www.blogdothame.blog.br\/v1\/wp-content\/uploads\/2020\/02\/corona-300x188.jpg\" alt=\"corona\" width=\"300\" height=\"188\" srcset=\"https:\/\/www.blogdothame.blog.br\/v1\/wp-content\/uploads\/2020\/02\/corona-300x188.jpg 300w, https:\/\/www.blogdothame.blog.br\/v1\/wp-content\/uploads\/2020\/02\/corona.jpg 768w\" sizes=\"(max-width: 300px) 100vw, 300px\" \/>A Secretaria da Sa\u00fade do Estado (Sesab) confirmou o primeiro caso importado do novo coronav\u00edrus (Covid-19) na Bahia, nesta sexta-feira (6). Trata-se de uma mulher de 34 anos, residente na cidade de Feira de Santana, que retornou da It\u00e1lia em 25 de fevereiro, com passagens por Mil\u00e3o e Roma, onde aconteceu a contamina\u00e7\u00e3o. O primeiro atendimento e as amostras foram coletadas em um hospital particular da capital baiana, sendo enviadas para a Funda\u00e7\u00e3o Oswaldo Cruz (Fiocruz), no Rio de Janeiro, que \u00e9 a refer\u00eancia nacional do Minist\u00e9rio da Sa\u00fade. O resultado laboratorial confirmando o diagn\u00f3stico foi conclu\u00eddo hoje.<\/div>\n<div><\/div>\n<div>De acordo com o secret\u00e1rio da Sa\u00fade do Estado da Bahia, F\u00e1bio Vilas-Boas, \u201ctrata-se de um caso importado. A paciente contaminou-se na Europa e veio manifestar os sintomas depois de ter chegado ao Brasil. Isso \u00e9 diferente de haver uma contamina\u00e7\u00e3o interna no estado e, portanto, todas as medidas de conten\u00e7\u00e3o para garantir que n\u00e3o houve a contamina\u00e7\u00e3o de outras pessoas foram e est\u00e3o sendo tomadas pela vigil\u00e2ncia estadual, municipal e pelo N\u00facleo Regional de Sa\u00fade Leste\u201d, afirmou o secret\u00e1rio.<\/div>\n<div><\/div>\n<div>A paciente encontra-se em casa, na cidade de Feira de Santana, assintom\u00e1tica, com orienta\u00e7\u00e3o de permanecer em isolamento, adotando as medidas de precau\u00e7\u00e3o de contato e respirat\u00f3rio. O monitoramento \u00e9 realizado pelo Centro de Informa\u00e7\u00f5es Estrat\u00e9gicas em Vigil\u00e2ncia em Sa\u00fade da Bahia (Cievs-BA) em conjunto com a vigil\u00e2ncia municipal de Feira de Santana.<\/div>\n<div><\/div>\n<p><!--more--><\/p>\n<div><\/div>\n<div><b>Notifica\u00e7\u00f5es<\/b><\/div>\n<div><\/div>\n<div>De janeiro at\u00e9 as 17h de quinta-feira (5), a Bahia registrou 73 casos notificados com suspeita cl\u00ednica de infec\u00e7\u00e3o pelo novo coronav\u00edrus, sendo 21 exclu\u00eddos por n\u00e3o se enquadrarem no protocolo do Minist\u00e9rio da Sa\u00fade, 29 foram descartados laboratorialmente e 23 aguardam an\u00e1lise laboratorial. Os munic\u00edpios notificantes foram Cama\u00e7ari, Feira de Santana, Ilh\u00e9us, Itabuna, Jacaraci, Jequi\u00e9, Lauro de Freitas, Len\u00e7\u00f3is, Salvador, Santa Cruz Cabr\u00e1lia, Teixeira de Freitas, Tucano e Vit\u00f3ria da Conquista. Estes n\u00fameros representam notifica\u00e7\u00f5es oficiais compiladas pelo Centro de Informa\u00e7\u00f5es Estrat\u00e9gicas em Vigil\u00e2ncia em Sa\u00fade da Bahia (Cievs-BA), em conjunto com os Cievs municipais.<\/div>\n<div><\/div>\n<div>Ressalta-se que os n\u00fameros s\u00e3o din\u00e2micos e, na medida em que as investiga\u00e7\u00f5es cl\u00ednicas e epidemiol\u00f3gicas avan\u00e7am, os casos s\u00e3o reavaliados, sendo pass\u00edveis de reenquadramento na sua classifica\u00e7\u00e3o. Um novo boletim, com dados atualizados, ser\u00e1 divulgado \u00e0s 17h desta sexta-feira (6).<\/div>\n<div><\/div>\n<div>Atualmente, 33 pa\u00edses s\u00e3o monitorados pelo Minist\u00e9rio da Sa\u00fade por apresentarem transmiss\u00e3o ativa do coronav\u00edrus. Com isso, os crit\u00e9rios para a defini\u00e7\u00e3o de caso suspeito enquadram, agora, as pessoas que apresentarem febre e mais um sintoma gripal, como tosse ou falta de ar e tiveram passagem pela Alemanha, Arg\u00e9lia, Austr\u00e1lia, Canad\u00e1, China, Coreia do Norte, Coreia do Sul, Cro\u00e1cia, Dinamarca, Emirados \u00c1rabes Unidos, Equador, Espanha, Estados Unidos, Finl\u00e2ndia, Fran\u00e7a, Gr\u00e9cia, Holanda, Indon\u00e9sia, Ir\u00e3, Israel, It\u00e1lia, Jap\u00e3o, L\u00edbano, Mal\u00e1sia, Noruega, Reino Unido, Rom\u00eania, San Marino, Singapura, Su\u00e9cia, Su\u00ed\u00e7a, Tail\u00e2ndia e Vietn\u00e3.<\/div>\n<div><\/div>\n<div>\u00c9 importante pontuar que o paciente com diagn\u00f3stico positivo para o novo coronav\u00edrus pode cursar com grau leve, moderado ou grave. A depender da situa\u00e7\u00e3o cl\u00ednica, pode ser atendido em unidades prim\u00e1rias de aten\u00e7\u00e3o b\u00e1sica, unidades secund\u00e1rias ou precisar de interna\u00e7\u00e3o. Mesmo definindo unidades de refer\u00eancia, n\u00e3o significa que ele s\u00f3 pode ser atendido em hospital.<\/div>\n<div><\/div>\n<div>Os casos graves devem ser encaminhados a um hospital de refer\u00eancia para isolamento e tratamento. Os casos leves devem ser acompanhados pela Aten\u00e7\u00e3o Prim\u00e1ria em Sa\u00fade (APS) e institu\u00eddas medidas de precau\u00e7\u00e3o domiciliar.<\/div>\n<p>&nbsp;<\/p>\n","protected":false},"excerpt":{"rendered":"<p>A Secretaria da Sa\u00fade do Estado (Sesab) confirmou o primeiro caso importado do novo coronav\u00edrus (Covid-19) na Bahia, nesta sexta-feira (6). Trata-se de uma mulher de 34 anos, residente na cidade de Feira de Santana, que retornou da It\u00e1lia em 25 de fevereiro, com passagens por Mil\u00e3o e Roma, onde aconteceu a contamina\u00e7\u00e3o. O primeiro [&hellip;]<\/p>\n","protected":false},"author":2,"featured_media":0,"comment_status":"open","ping_status":"open","sticky":false,"template":"","format":"standard","meta":{"_links_to":"","_links_to_target":""},"categories":[1],"tags":[51,11121,26655,1770],"_links":{"self":[{"href":"https:\/\/www.blogdothame.blog.br\/v1\/wp-json\/wp\/v2\/posts\/100101"}],"collection":[{"href":"https:\/\/www.blogdothame.blog.br\/v1\/wp-json\/wp\/v2\/posts"}],"about":[{"href":"https:\/\/www.blogdothame.blog.br\/v1\/wp-json\/wp\/v2\/types\/post"}],"author":[{"embeddable":true,"href":"https:\/\/www.blogdothame.blog.br\/v1\/wp-json\/wp\/v2\/users\/2"}],"replies":[{"embeddable":true,"href":"https:\/\/www.blogdothame.blog.br\/v1\/wp-json\/wp\/v2\/comments?post=100101"}],"version-history":[{"count":4,"href":"https:\/\/www.blogdothame.blog.br\/v1\/wp-json\/wp\/v2\/posts\/100101\/revisions"}],"predecessor-version":[{"id":100105,"href":"https:\/\/www.blogdothame.blog.br\/v1\/wp-json\/wp\/v2\/posts\/100101\/revisions\/100105"}],"wp:attachment":[{"href":"https:\/\/www.blogdothame.blog.br\/v1\/wp-json\/wp\/v2\/media?parent=100101"}],"wp:term":[{"taxonomy":"category","embeddable":true,"href":"https:\/\/www.blogdothame.blog.br\/v1\/wp-json\/wp\/v2\/categories?post=100101"},{"taxonomy":"post_tag","embeddable":true,"href":"https:\/\/www.blogdothame.blog.br\/v1\/wp-json\/wp\/v2\/tags?post=100101"}],"curies":[{"name":"wp","href":"https:\/\/api.w.org\/{rel}","templated":true}]}}